{"id":136724,"date":"2026-02-23T12:15:36","date_gmt":"2026-02-23T12:15:36","guid":{"rendered":"https:\/\/rdnews.al\/?p=136724"},"modified":"2026-02-23T12:15:36","modified_gmt":"2026-02-23T12:15:36","slug":"berisha-lubia-ka-4-dite-qe-nuk-hyn-ne-shtepi-edhe-prapa-diellit-po-te-shkoje-do-ta-gjejme-2","status":"publish","type":"post","link":"https:\/\/rdnews.al\/index.php\/2026\/02\/23\/berisha-lubia-ka-4-dite-qe-nuk-hyn-ne-shtepi-edhe-prapa-diellit-po-te-shkoje-do-ta-gjejme-2\/","title":{"rendered":"Berisha: Lubia ka 4 dit\u00eb q\u00eb nuk hyn n\u00eb sht\u00ebpi! Edhe prapa diellit po t\u00eb shkoj\u00eb, do ta gjejm\u00eb"},"content":{"rendered":"<div class=\"clear\">Kryetari i PD, Sali Berisha tha para gazetar\u00ebve se, Lubia ka 4 dit\u00eb q\u00eb nuk hyn n\u00eb sht\u00ebpi, edhe prapa diellit po t\u00eb shkoj\u00eb, do ta gjejm\u00eb.<\/div>\n<div class=\"entry\">\n<p><strong>Berisha:<\/strong>\u00a0Sot n\u00eb parlament zhvillohet seanca e shtyr\u00eb 3 muaj, shtytje me t\u00eb cil\u00ebn Lubis\u00eb iu dha mund\u00ebsi t\u00eb shkat\u00ebrroj\u00eb mij\u00ebra e mij\u00ebra dokumente, t\u00eb intimidoj\u00eb, t\u00eb k\u00ebrc\u00ebnoj\u00eb me dhjet\u00ebra d\u00ebshmitar\u00eb.<\/p>\n<p>Ajo, aty nuk \u00ebsht\u00eb.<\/p>\n<p>Komshia thot\u00eb prej kat\u00ebr dit\u00ebsh nuk e kam par\u00eb t\u00eb hyj\u00eb n\u00eb sht\u00ebpin\u00eb e saj.<\/p>\n<p>Tjet\u00ebr, nuk mund t\u00eb them.<\/p>\n<p>Nj\u00eb gj\u00eb i them, edhe prapa diellit t\u00eb shkosh, do t\u00eb gjejm\u00eb dhe do t\u00eb sjellim n\u00eb Shqip\u00ebri.<\/p>\n<p>Prandaj, mos tento t\u00eb largohesh nga Shqip\u00ebria. Asaj dhe \u00e7do njeriu tjet\u00ebr.<\/p>\n<\/div>\n","protected":false},"excerpt":{"rendered":"<p>Kryetari i PD, Sali Berisha tha para gazetar\u00ebve se, Lubia ka 4 dit\u00eb q\u00eb nuk hyn n\u00eb sht\u00ebpi, edhe prapa diellit po t\u00eb shkoj\u00eb, do ta gjejm\u00eb. Berisha:\u00a0Sot n\u00eb parlament zhvillohet seanca e shtyr\u00eb 3 muaj, shtytje me t\u00eb cil\u00ebn Lubis\u00eb iu dha mund\u00ebsi t\u00eb shkat\u00ebrroj\u00eb mij\u00ebra e mij\u00ebra dokumente, t\u00eb intimidoj\u00eb, t\u00eb k\u00ebrc\u00ebnoj\u00eb me &hellip;<\/p>\n","protected":false},"author":4,"featured_media":136725,"comment_status":"closed","ping_status":"closed","sticky":false,"template":"","format":"standard","meta":{"footnotes":""},"categories":[37],"tags":[],"class_list":["post-136724","post","type-post","status-publish","format-standard","has-post-thumbnail","","category-politike"],"_links":{"self":[{"href":"https:\/\/rdnews.al\/index.php\/wp-json\/wp\/v2\/posts\/136724","targetHints":{"allow":["GET"]}}],"collection":[{"href":"https:\/\/rdnews.al\/index.php\/wp-json\/wp\/v2\/posts"}],"about":[{"href":"https:\/\/rdnews.al\/index.php\/wp-json\/wp\/v2\/types\/post"}],"author":[{"embeddable":true,"href":"https:\/\/rdnews.al\/index.php\/wp-json\/wp\/v2\/users\/4"}],"replies":[{"embeddable":true,"href":"https:\/\/rdnews.al\/index.php\/wp-json\/wp\/v2\/comments?post=136724"}],"version-history":[{"count":1,"href":"https:\/\/rdnews.al\/index.php\/wp-json\/wp\/v2\/posts\/136724\/revisions"}],"predecessor-version":[{"id":136726,"href":"https:\/\/rdnews.al\/index.php\/wp-json\/wp\/v2\/posts\/136724\/revisions\/136726"}],"wp:featuredmedia":[{"embeddable":true,"href":"https:\/\/rdnews.al\/index.php\/wp-json\/wp\/v2\/media\/136725"}],"wp:attachment":[{"href":"https:\/\/rdnews.al\/index.php\/wp-json\/wp\/v2\/media?parent=136724"}],"wp:term":[{"taxonomy":"category","embeddable":true,"href":"https:\/\/rdnews.al\/index.php\/wp-json\/wp\/v2\/categories?post=136724"},{"taxonomy":"post_tag","embeddable":true,"href":"https:\/\/rdnews.al\/index.php\/wp-json\/wp\/v2\/tags?post=136724"}],"curies":[{"name":"wp","href":"https:\/\/api.w.org\/{rel}","templated":true}]}}