{"id":136735,"date":"2026-02-23T12:25:21","date_gmt":"2026-02-23T12:25:21","guid":{"rendered":"https:\/\/rdnews.al\/?p=136735"},"modified":"2026-02-23T12:25:21","modified_gmt":"2026-02-23T12:25:21","slug":"skenari-i-protestes-berisha-do-vendosim-bashkerisht-me-bashkepunetoret-e-mi","status":"publish","type":"post","link":"https:\/\/rdnews.al\/index.php\/2026\/02\/23\/skenari-i-protestes-berisha-do-vendosim-bashkerisht-me-bashkepunetoret-e-mi\/","title":{"rendered":"Skenari i protest\u00ebs\/ Berisha: Do vendosim bashk\u00ebrisht me bashk\u00ebpun\u00ebtor\u00ebt e mi!"},"content":{"rendered":"<p>I pyetur nga gazetar\u00ebt se si do t\u00eb jet\u00eb protesta e ardhshme, kreu demokrat tha se, do vendosim bashk\u00ebrisht me bashk\u00ebpun\u00ebtor\u00ebt e mi.<\/p>\n<p><strong>Isa Myzyraj: Z. Berisha, ju that\u00eb q\u00eb do diversifikohet protesta e t\u00eb shtun\u00ebs. Sali Berisha ka ndonj\u00eb ide se si duhet t\u00eb duket kjo protest\u00eb q\u00eb do t\u00eb shtroni n\u00eb forumet e PD?<\/strong><\/p>\n<p><strong>Sali Berisha:<\/strong> Un\u00eb ide kam sigurisht, por para vendimeve t\u00eb nevojshme p\u00ebr t\u2019i quajtur ato platform\u00eb, un\u00eb nuk kam pse t\u2019i b\u00ebj publike idet\u00eb. Duhet t\u00eb vendosen bashk\u00ebrisht me bashk\u00ebpun\u00ebtor\u00ebt e mi.<\/p>\n","protected":false},"excerpt":{"rendered":"<p>I pyetur nga gazetar\u00ebt se si do t\u00eb jet\u00eb protesta e ardhshme, kreu demokrat tha se, do vendosim bashk\u00ebrisht me bashk\u00ebpun\u00ebtor\u00ebt e mi. Isa Myzyraj: Z. Berisha, ju that\u00eb q\u00eb do diversifikohet protesta e t\u00eb shtun\u00ebs. Sali Berisha ka ndonj\u00eb ide se si duhet t\u00eb duket kjo protest\u00eb q\u00eb do t\u00eb shtroni n\u00eb forumet e &hellip;<\/p>\n","protected":false},"author":4,"featured_media":136737,"comment_status":"closed","ping_status":"closed","sticky":false,"template":"","format":"standard","meta":{"footnotes":""},"categories":[37],"tags":[],"class_list":["post-136735","post","type-post","status-publish","format-standard","has-post-thumbnail","","category-politike"],"_links":{"self":[{"href":"https:\/\/rdnews.al\/index.php\/wp-json\/wp\/v2\/posts\/136735","targetHints":{"allow":["GET"]}}],"collection":[{"href":"https:\/\/rdnews.al\/index.php\/wp-json\/wp\/v2\/posts"}],"about":[{"href":"https:\/\/rdnews.al\/index.php\/wp-json\/wp\/v2\/types\/post"}],"author":[{"embeddable":true,"href":"https:\/\/rdnews.al\/index.php\/wp-json\/wp\/v2\/users\/4"}],"replies":[{"embeddable":true,"href":"https:\/\/rdnews.al\/index.php\/wp-json\/wp\/v2\/comments?post=136735"}],"version-history":[{"count":1,"href":"https:\/\/rdnews.al\/index.php\/wp-json\/wp\/v2\/posts\/136735\/revisions"}],"predecessor-version":[{"id":136738,"href":"https:\/\/rdnews.al\/index.php\/wp-json\/wp\/v2\/posts\/136735\/revisions\/136738"}],"wp:featuredmedia":[{"embeddable":true,"href":"https:\/\/rdnews.al\/index.php\/wp-json\/wp\/v2\/media\/136737"}],"wp:attachment":[{"href":"https:\/\/rdnews.al\/index.php\/wp-json\/wp\/v2\/media?parent=136735"}],"wp:term":[{"taxonomy":"category","embeddable":true,"href":"https:\/\/rdnews.al\/index.php\/wp-json\/wp\/v2\/categories?post=136735"},{"taxonomy":"post_tag","embeddable":true,"href":"https:\/\/rdnews.al\/index.php\/wp-json\/wp\/v2\/tags?post=136735"}],"curies":[{"name":"wp","href":"https:\/\/api.w.org\/{rel}","templated":true}]}}