{"id":136745,"date":"2026-02-23T12:46:35","date_gmt":"2026-02-23T12:46:35","guid":{"rendered":"https:\/\/rdnews.al\/?p=136745"},"modified":"2026-02-23T12:54:39","modified_gmt":"2026-02-23T12:54:39","slug":"berisha-pd-qendron-prapa-cdo-shqiptari-qe-i-cenohet-e-drejta-e-prones-faji-eshte-i-qeverise-qe-ka-dhene-lejen","status":"publish","type":"post","link":"https:\/\/rdnews.al\/index.php\/2026\/02\/23\/berisha-pd-qendron-prapa-cdo-shqiptari-qe-i-cenohet-e-drejta-e-prones-faji-eshte-i-qeverise-qe-ka-dhene-lejen\/","title":{"rendered":"Berisha: PD q\u00ebndron prapa \u00e7do shqiptari q\u00eb i cenohet e drejta e pron\u00ebs! Faji \u00ebsht\u00eb i qeveris\u00eb q\u00eb ka dh\u00ebn\u00eb lejen"},"content":{"rendered":"<p>Kryetari i PD, Sali Berisha i \u00ebsht\u00eb p\u00ebrgjigjur interesit t\u00eb gazetar\u00ebve edhe p\u00ebr protest\u00ebn banor\u00ebve t\u00eb Rrjollit.<\/p>\n<p>Ai tha se, PD q\u00ebndron prapa \u00e7do shqiptari q\u00eb i cenohet e drejta e pron\u00ebs, por faji \u00ebsht\u00eb i qeveris\u00eb q\u00eb ka dh\u00ebn\u00eb lejen.<\/p>\n<p><strong>Osman Stafa: Z.Berisha, nj\u00eb tjet\u00ebr situat\u00eb e nxeht\u00eb \u00ebsht\u00eb duke u zhvilluar thuajse n\u00eb p\u00ebrditshm\u00ebri n\u00eb Shkod\u00ebr n\u00eb Baks-Rrjoll. \u00c7far\u00eb e pengon PD p\u00ebr t\u00eb mb\u00ebshtetur k\u00ebta banor\u00eb?<\/strong><\/p>\n<p><strong>Sali Berisha:<\/strong> Absolutisht, nuk e pengon asgj\u00eb dhe PD q\u00ebndron prapa \u00e7do shqiptari q\u00eb i cenohet e drejta, i cenohet prona.<\/p>\n<p>Asnj\u00eb gj\u00eb.<\/p>\n<p>Asnj\u00eb penges\u00eb nuk ka dhe nuk mund t\u00eb ket\u00eb.<\/p>\n<p>Deputet\u00ebt tan\u00eb kan\u00eb qen\u00eb aty.<\/p>\n<p>N\u00eb qoft\u00eb se ju mendoni se PD do t\u00eb jet\u00eb pjes\u00eb n\u00eb \u00e7do protest\u00eb, kjo besoj se \u00ebsht\u00eb&#8230; PD mb\u00ebshtet \u00e7do protest\u00eb t\u00eb drejt\u00eb.<\/p>\n<p>Dhe, t\u00eb them nj\u00eb gj\u00eb k\u00ebtu, kemi nd\u00ebrtuar m\u00eb shum\u00eb se kushdo n\u00eb histori dhe m\u00eb shum\u00eb se kurr\u00eb dhe nuk kemi pasur absolutisht, p\u00ebrve\u00e7se n\u00eb nj\u00eb rast, asnj\u00eb protest\u00eb nga pronar\u00ebt p\u00ebr shpron\u00ebsimin e tokave t\u00eb tyre.<\/p>\n<p>Pse?<\/p>\n<p>Sepse nuk kemi b\u00ebr\u00eb asnj\u00eb hap pa i d\u00ebmshp\u00ebrblyer ose pa firmosur marr\u00ebveshjen me ta se n\u00eb k\u00ebt\u00eb koh\u00eb do marrin parat\u00eb.<\/p>\n<p>Dhe do u jap nj\u00eb shembull.<\/p>\n<p>Rruga e Kombit ka b\u00ebr\u00eb shpron\u00ebsimet m\u00eb t\u00eb m\u00ebdha dhe ajo \u00ebsht\u00eb nd\u00ebrtuar duke b\u00ebr\u00eb dizajnin dhe duke nd\u00ebrtuar.<\/p>\n<p>\u00c7far\u00eb b\u00ebm\u00eb ne?<\/p>\n<p>Ne krijuam nj\u00eb ekip ekspert\u00ebsh kompetent\u00eb dhe e bashk\u00ebngjit\u00ebm me dizajnin me nj\u00eb q\u00ebllim t\u00eb vet\u00ebm, q\u00eb aty ku vihej vija p\u00ebr t\u00eb marr\u00eb tok\u00ebn, negociohej me pronarin, i ofrohej shp\u00ebrblimi, firmosej kontrata me t\u00eb dhe nga Rr\u00ebsheni gjer n\u00eb Morin\u00eb, nuk ka pasur asnj\u00eb protest\u00eb sepse nuk nd\u00ebrtohej pa zgjidhur problemin e pron\u00ebsis\u00eb.<\/p>\n<p>At\u00ebher\u00eb, \u00e7far\u00eb duhet t\u00eb them me k\u00ebt\u00eb?<\/p>\n<p>P\u00ebrgjegj\u00ebs kryesor p\u00ebr k\u00ebt\u00eb \u00ebsht\u00eb qeveria, e cila n\u00eb asnj\u00eb rast nuk duhet t\u00eb firmos\u00eb asnj\u00eb leje pa marr\u00eb garanci t\u00eb plot\u00eb se \u00ebsht\u00eb zgjidhur plot\u00ebsisht problemi me pronar\u00ebt.<\/p>\n<p>Kurse qeveria merr parat\u00eb vet\u00eb dhe i l\u00ebshon lejet sipas d\u00ebshir\u00ebs.<\/p>\n<p>Ne, qoft\u00eb n\u00eb Rrjoll, qoft\u00eb kudo q\u00eb dalin, ne mb\u00ebshtesim plot\u00ebsisht pronar\u00ebt e ligjsh\u00ebm.<\/p>\n<p>Ne nuk pranojm\u00eb kurr\u00eb arbitraritetin ndaj tyre.<\/p>\n<p>Ata q\u00eb p\u00ebrpiqen ta politizojn\u00eb, ata mashtrojn\u00eb.<\/p>\n<p><strong>-Meqen\u00ebse n\u00eb terren nuk shkoni dot p\u00ebr t\u2019i mb\u00ebshtetur n\u00eb p\u00ebrditshm\u00ebri, nga selia e PD sa deklarata keni b\u00ebr\u00eb?<\/strong><\/p>\n<p><strong>Sali Berisha:<\/strong> PD mb\u00ebshtet politikisht.<\/p>\n<p><strong>-Sa deklarata keni b\u00ebr\u00eb?<\/strong><\/p>\n<p><strong>Sali Berisha:<\/strong> PD mb\u00ebshtet politikisht. Duhet t\u00eb jen\u00eb komunitetet ata&#8230;<\/p>\n<p><strong>-Por p\u00ebrve\u00e7se rasteve kur u kemi b\u00ebr\u00eb pyetje, n\u00eb sa raste ka dal\u00eb PD n\u00eb nj\u00eb deklarat\u00eb p\u00ebr shtyp p\u00ebr t\u00eb dal\u00eb n\u00eb mb\u00ebshtetje ose p\u00ebr t\u00eb k\u00ebrkuar nj\u00eb zgjidhje t\u00eb situat\u00ebs?<\/strong><\/p>\n<p><strong>Sali Berisha:<\/strong> Kjo \u00ebsht\u00eb t\u00eb pakt\u00ebn e treta her\u00eb q\u00eb un\u00eb prononcohem para medieve.<\/p>\n<p><strong>-Pas pyetjeve&#8230;<\/strong><\/p>\n<p><strong>Sali Berisha:<\/strong> Jo, edhe pa pyetje se kemi pasur deputetin atje ne, p\u00ebrfaq\u00ebsuesin ton\u00eb.<\/p>\n<p>Dhe prap\u00eb e them k\u00ebtu, kudo dhe n\u00eb \u00e7do rast ne q\u00ebndrojm\u00eb prapa pronar\u00ebve t\u00eb ligjsh\u00ebm.<\/p>\n<p>E theksoj k\u00ebt\u00eb.<\/p>\n<p>Por ne faj\u00ebsojm\u00eb qeverin\u00eb n\u00eb radh\u00eb t\u00eb par\u00eb sepse qeveria nuk duhet t\u00eb jap\u00eb asnj\u00eb leje pa u garantuar plot\u00ebsisht se komuniteti ka marr\u00eb at\u00eb q\u00eb i takon.<\/p>\n<p>Kjo \u00ebsht\u00eb.<\/p>\n<p>Ne kemi vepruar n\u00eb k\u00ebt\u00eb m\u00ebnyr\u00eb p\u00ebr veten ton\u00eb. Rasti i Rrug\u00ebs s\u00eb Kombit, sepse Rruga e Kombit u nd\u00ebrtua n\u00eb at\u00eb form\u00eb, kurse t\u00eb tjerat jo, t\u00eb tjerat b\u00ebhej projekti, pastaj shpron\u00ebsoheshin.<\/p>\n<p>Dhe n\u00eb 8 vite, 11.300 kilometra rrug\u00eb, qindra e qindra shkolla, kopshte, kanalizime, uj\u00ebsjell\u00ebsa, t\u00eb vetmen p\u00ebrplasje q\u00eb kemi pasur ka qen\u00eb me banor\u00ebt tek Shkolla Teknologjike, t\u00eb cil\u00ebve u ofruam zgjidhje dhe ata ran\u00eb plot\u00ebsisht dakord.<\/p>\n<p>Nuk kemi pasur.<\/p>\n<p>Kjo q\u00eb ndodh nuk duhet t\u00eb ndodhte kurr\u00eb.<\/p>\n<p>Dhe nuk mbrojm\u00eb asnj\u00eb njeri n\u00eb m\u00ebnyr\u00eb absolute.<\/p>\n<p>Q\u00ebndrimi yn\u00eb \u00ebsht\u00eb ky, t\u00eb zgjidhet problemi me pronar\u00ebt. Cilido qoft\u00eb dhe kushdo q\u00eb t\u00eb jet\u00eb.<\/p>\n<p>Dhuna shtet\u00ebrore ndaj pronar\u00ebve nuk mund t\u00eb p\u00ebrdoret kurr\u00eb se k\u00ebt\u00eb e krijon qeveria.<\/p>\n<p>Qeveria paguhet dhe b\u00ebn k\u00ebto gj\u00ebra.<\/p>\n","protected":false},"excerpt":{"rendered":"<p>Kryetari i PD, Sali Berisha i \u00ebsht\u00eb p\u00ebrgjigjur interesit t\u00eb gazetar\u00ebve edhe p\u00ebr protest\u00ebn banor\u00ebve t\u00eb Rrjollit. Ai tha se, PD q\u00ebndron prapa \u00e7do shqiptari q\u00eb i cenohet e drejta e pron\u00ebs, por faji \u00ebsht\u00eb i qeveris\u00eb q\u00eb ka dh\u00ebn\u00eb lejen. Osman Stafa: Z.Berisha, nj\u00eb tjet\u00ebr situat\u00eb e nxeht\u00eb \u00ebsht\u00eb duke u zhvilluar thuajse n\u00eb &hellip;<\/p>\n","protected":false},"author":4,"featured_media":136732,"comment_status":"closed","ping_status":"closed","sticky":false,"template":"","format":"standard","meta":{"footnotes":""},"categories":[37],"tags":[],"class_list":["post-136745","post","type-post","status-publish","format-standard","has-post-thumbnail","","category-politike"],"_links":{"self":[{"href":"https:\/\/rdnews.al\/index.php\/wp-json\/wp\/v2\/posts\/136745","targetHints":{"allow":["GET"]}}],"collection":[{"href":"https:\/\/rdnews.al\/index.php\/wp-json\/wp\/v2\/posts"}],"about":[{"href":"https:\/\/rdnews.al\/index.php\/wp-json\/wp\/v2\/types\/post"}],"author":[{"embeddable":true,"href":"https:\/\/rdnews.al\/index.php\/wp-json\/wp\/v2\/users\/4"}],"replies":[{"embeddable":true,"href":"https:\/\/rdnews.al\/index.php\/wp-json\/wp\/v2\/comments?post=136745"}],"version-history":[{"count":3,"href":"https:\/\/rdnews.al\/index.php\/wp-json\/wp\/v2\/posts\/136745\/revisions"}],"predecessor-version":[{"id":136751,"href":"https:\/\/rdnews.al\/index.php\/wp-json\/wp\/v2\/posts\/136745\/revisions\/136751"}],"wp:featuredmedia":[{"embeddable":true,"href":"https:\/\/rdnews.al\/index.php\/wp-json\/wp\/v2\/media\/136732"}],"wp:attachment":[{"href":"https:\/\/rdnews.al\/index.php\/wp-json\/wp\/v2\/media?parent=136745"}],"wp:term":[{"taxonomy":"category","embeddable":true,"href":"https:\/\/rdnews.al\/index.php\/wp-json\/wp\/v2\/categories?post=136745"},{"taxonomy":"post_tag","embeddable":true,"href":"https:\/\/rdnews.al\/index.php\/wp-json\/wp\/v2\/tags?post=136745"}],"curies":[{"name":"wp","href":"https:\/\/api.w.org\/{rel}","templated":true}]}}