{"id":136747,"date":"2026-02-23T12:49:41","date_gmt":"2026-02-23T12:49:41","guid":{"rendered":"https:\/\/rdnews.al\/?p=136747"},"modified":"2026-02-23T12:49:41","modified_gmt":"2026-02-23T12:49:41","slug":"berisha-fokusi-i-protestave-eshte-rama-jo-balluku-ceshtja-me-madhore-ketu-eshte-akshi","status":"publish","type":"post","link":"https:\/\/rdnews.al\/index.php\/2026\/02\/23\/berisha-fokusi-i-protestave-eshte-rama-jo-balluku-ceshtja-me-madhore-ketu-eshte-akshi\/","title":{"rendered":"Berisha: Fokusi i protestave \u00ebsht\u00eb Rama, jo Balluku! \u00c7\u00ebshtja m\u00eb madhore k\u00ebtu \u00ebsht\u00eb AKSHI"},"content":{"rendered":"<p>Lideri i opozit\u00ebs, Sali Berisha deklaroi gjat\u00eb nj\u00eb dalje p\u00ebr mediat tha se, fokusi i protestave \u00ebsht\u00eb Rama, jo Balluku.<\/p>\n<p>Ai theksoi se, \u00e7\u00ebshtja m\u00eb madhore k\u00ebtu \u00ebsht\u00eb AKSHI, jan\u00eb vjedhur t\u00eb dh\u00ebnat e \u00e7do qytetari.<\/p>\n<p><strong>Klajdi Bodlli: Z. Berisha, ju that\u00eb q\u00eb keni nj\u00eb plan, nj\u00eb ide p\u00ebr protest\u00ebn e 28 shkurtit q\u00eb do ia paraqisni kryesis\u00eb, apo K\u00ebshillit Komb\u00ebtar p\u00ebr t\u00eb marr\u00eb nj\u00eb vendim. A varet skenari i protest\u00ebs nga q\u00ebndrimi i mazhoranc\u00ebs dit\u00ebn e sotme p\u00ebr zonj\u00ebn Balluku? Dhe n\u00eb iden\u00eb tuaj, a \u00ebsht\u00eb p\u00ebrfshir\u00eb q\u00ebndresa pa ndalim apo ngujimi i nj\u00eb pjese t\u00eb zyrtar\u00ebve t\u00eb PD?<\/strong><\/p>\n<p><strong>Sali Berisha:<\/strong> Faleminderit p\u00ebr pyetjen. Protestat tona nuk kan\u00eb n\u00eb fokus kryesor Ballukun. Fokusi kryesor i protestave tona \u00ebsht\u00eb kryehajduti i kombit, Edi Rama.<\/p>\n<p>Balluku \u00ebsht\u00eb vet\u00ebm nj\u00eb aksesore e tij.<\/p>\n<p>Por, protesta, revolta, kryengritja paq\u00ebsore ka n\u00eb epiqend\u00ebr Edi Ram\u00ebn p\u00ebr ne.<\/p>\n<p>Dhe \u00e7do qytetar duhet t\u00eb ket\u00eb t\u00eb qart\u00eb. Ai \u00ebsht\u00eb mater matrix, n\u00ebna e n\u00ebn\u00ebs t\u00eb gjitha k\u00ebtyre aferave q\u00eb kan\u00eb dal\u00eb, k\u00ebtyre gjirizeve q\u00eb kan\u00eb shp\u00ebrthyer.<\/p>\n<p>A e dini ju se AKSHI \u00ebsht\u00eb t\u00eb pakt\u00ebn tre her\u00eb m\u00eb kriminal, m\u00eb i r\u00ebnd\u00eb se \u00e7do afer\u00eb tjet\u00ebr?<\/p>\n<p>A e dini ju se n\u00eb qoft\u00eb se n\u00eb afer\u00ebn Rama-Balluku jan\u00eb vjedhur taksat e \u00e7do shqiptari, n\u00eb afer\u00ebn e AKSHI-t jan\u00eb vjedhur t\u00eb dh\u00ebnat personale t\u00eb \u00e7do shqiptari.<\/p>\n<p>\u00c7do e dh\u00ebn\u00eb q\u00eb ka ekzistuar p\u00ebr \u00e7do qytetar shqiptar.<\/p>\n<p>Q\u00eb t\u00eb gjitha jan\u00eb pla\u00e7kitur pas vendosjes me rastin e bllokimit t\u00eb TikTokut t\u00eb atyre aparaturave t\u00eb k\u00ebrkimit t\u00eb thell\u00eb.<\/p>\n<p>Gjith\u00e7ka \u00ebsht\u00eb kontrolluar nga Lindat e AKSHI-t dhe Edi Rama. Nga bota e krimit.<\/p>\n<p>A e kuptoni ju se \u00e7\u2019do t\u00eb thot\u00eb se kartelet e drog\u00ebs dhe organizatat kriminale kan\u00eb tani n\u00eb dor\u00eb \u00e7do t\u00eb dh\u00ebn\u00eb p\u00ebr \u00e7do qytetar, p\u00ebr \u00e7do kund\u00ebrshtar, p\u00ebr \u00e7do rival, p\u00ebr \u00e7do politikan, p\u00ebr \u00e7do deputet, p\u00ebr \u00e7do ambasador, p\u00ebr \u00e7do njeri q\u00eb jeton n\u00eb Shqip\u00ebri.<\/p>\n<p>A e d\u00ebgjuat ju z\u00ebdh\u00ebn\u00ebsin Baton Stanishiqin q\u00eb tha se ambasada ka d\u00ebrguar vet\u00ebm nj\u00eb kab\u00ebll nga 16 dhjetori p\u00ebr AKSHI-n.<\/p>\n<p>Kjo \u00ebsht\u00eb nj\u00eb shkelje flagrante e konventave nd\u00ebrkomb\u00ebtare q\u00eb garantojn\u00eb normale t\u00eb trupit diplomatik n\u00eb Shqip\u00ebri.<\/p>\n<p>Ne e kemi denoncuar k\u00ebt\u00eb me koh\u00eb.<\/p>\n<p>AKSHI \u00ebsht\u00eb afera m\u00eb e pashembullt n\u00eb historin\u00eb e Europ\u00ebs. Jan\u00eb vjedhur t\u00eb dh\u00ebnat e \u00e7do qytetari shqiptar, \u00e7far\u00ebdo q\u00eb ka ai. T\u00eb gjitha jan\u00eb vjedhur.<\/p>\n<p>Ndaj dhe nuk b\u00ebhet fjal\u00eb k\u00ebtu q\u00eb ne t\u00eb kemi objekt, e kemi Lubin\u00eb, por kryesor \u00ebsht\u00eb Edi Rama.<\/p>\n<p>Dhe e themi k\u00ebtu, \u00e7\u00ebshtja m\u00eb madhore \u00ebsht\u00eb AKSHI.<\/p>\n<p>AKSHI tejkalon \u00e7do lloj krimi.<\/p>\n<p>E kupton \u00e7\u2019do t\u00eb thot\u00eb t\u00eb vjedh\u00ebsh t\u00eb dh\u00ebnat e \u00e7do shqiptari?<\/p>\n<p>Ndaj dhe kryengritja thirret p\u00ebr Edi Ram\u00ebn si kreu i organizat\u00ebs kriminale.<\/p>\n","protected":false},"excerpt":{"rendered":"<p>Lideri i opozit\u00ebs, Sali Berisha deklaroi gjat\u00eb nj\u00eb dalje p\u00ebr mediat tha se, fokusi i protestave \u00ebsht\u00eb Rama, jo Balluku. Ai theksoi se, \u00e7\u00ebshtja m\u00eb madhore k\u00ebtu \u00ebsht\u00eb AKSHI, jan\u00eb vjedhur t\u00eb dh\u00ebnat e \u00e7do qytetari. Klajdi Bodlli: Z. Berisha, ju that\u00eb q\u00eb keni nj\u00eb plan, nj\u00eb ide p\u00ebr protest\u00ebn e 28 shkurtit q\u00eb do &hellip;<\/p>\n","protected":false},"author":4,"featured_media":136748,"comment_status":"closed","ping_status":"closed","sticky":false,"template":"","format":"standard","meta":{"footnotes":""},"categories":[37],"tags":[],"class_list":["post-136747","post","type-post","status-publish","format-standard","has-post-thumbnail","","category-politike"],"_links":{"self":[{"href":"https:\/\/rdnews.al\/index.php\/wp-json\/wp\/v2\/posts\/136747","targetHints":{"allow":["GET"]}}],"collection":[{"href":"https:\/\/rdnews.al\/index.php\/wp-json\/wp\/v2\/posts"}],"about":[{"href":"https:\/\/rdnews.al\/index.php\/wp-json\/wp\/v2\/types\/post"}],"author":[{"embeddable":true,"href":"https:\/\/rdnews.al\/index.php\/wp-json\/wp\/v2\/users\/4"}],"replies":[{"embeddable":true,"href":"https:\/\/rdnews.al\/index.php\/wp-json\/wp\/v2\/comments?post=136747"}],"version-history":[{"count":1,"href":"https:\/\/rdnews.al\/index.php\/wp-json\/wp\/v2\/posts\/136747\/revisions"}],"predecessor-version":[{"id":136749,"href":"https:\/\/rdnews.al\/index.php\/wp-json\/wp\/v2\/posts\/136747\/revisions\/136749"}],"wp:featuredmedia":[{"embeddable":true,"href":"https:\/\/rdnews.al\/index.php\/wp-json\/wp\/v2\/media\/136748"}],"wp:attachment":[{"href":"https:\/\/rdnews.al\/index.php\/wp-json\/wp\/v2\/media?parent=136747"}],"wp:term":[{"taxonomy":"category","embeddable":true,"href":"https:\/\/rdnews.al\/index.php\/wp-json\/wp\/v2\/categories?post=136747"},{"taxonomy":"post_tag","embeddable":true,"href":"https:\/\/rdnews.al\/index.php\/wp-json\/wp\/v2\/tags?post=136747"}],"curies":[{"name":"wp","href":"https:\/\/api.w.org\/{rel}","templated":true}]}}