{"id":136752,"date":"2026-02-23T12:59:06","date_gmt":"2026-02-23T12:59:06","guid":{"rendered":"https:\/\/rdnews.al\/?p=136752"},"modified":"2026-02-23T12:59:06","modified_gmt":"2026-02-23T12:59:06","slug":"berisha-denoj-sulmin-ndaj-selise-se-pd-e-paralajmeroj-ramen-se-pergjigja-do-jete-ajo-qe-nuk-ia-pret-mendja-atij","status":"publish","type":"post","link":"https:\/\/rdnews.al\/index.php\/2026\/02\/23\/berisha-denoj-sulmin-ndaj-selise-se-pd-e-paralajmeroj-ramen-se-pergjigja-do-jete-ajo-qe-nuk-ia-pret-mendja-atij\/","title":{"rendered":"Berisha: D\u00ebnoj sulmin ndaj selis\u00eb s\u00eb PD, e paralajm\u00ebroj Ram\u00ebn se p\u00ebrgjigja do jet\u00eb ajo q\u00eb nuk ia pret mendja atij!"},"content":{"rendered":"<p>Lideri i opozit\u00ebs, Sali Berisha ka reaguar gjat\u00eb dit\u00ebs s\u00eb sotme edhe p\u00ebr sulmin e policis\u00eb ndaj selis\u00eb s\u00eb Partis\u00eb Demokratike n\u00eb protest\u00ebn e 20 shkurtit.<\/p>\n<p>Ai tha se, d\u00ebnoj sulmin ndaj selis\u00eb s\u00eb PD, e paralajm\u00ebroj Ram\u00ebn se p\u00ebrgjigja do jet\u00eb ajo q\u00eb nuk ia pret mendja atij.<\/p>\n<p><strong>Berisha:<\/strong> At\u00ebher\u00eb, t\u00eb p\u00ebrsh\u00ebndes heronjt\u00eb e revolt\u00ebs. D\u00ebnoj me forc\u00ebn m\u00eb t\u00eb madhe keqtrajtimin policor q\u00eb u b\u00eb ndaj t\u00eb rinjve, t\u00eb cil\u00ebt ishin energjia, guximi dhe fytyra e v\u00ebrtet\u00eb e protest\u00ebs.<\/p>\n<p>D\u00ebnoj me forc\u00ebn m\u00eb t\u00eb madhe sulmin ndaj selis\u00eb s\u00eb PD dhe e paralajm\u00ebroj Edi Ram\u00ebn t\u00eb nd\u00ebrpres\u00eb \u00e7do sulm ndaj selis\u00eb sepse p\u00ebrgjigja mund t\u00eb jet\u00eb ajo q\u00eb nuk ia pret mendja atij.<\/p>\n<p>Deg\u00ebt e PD kan\u00eb marr\u00eb porosi t\u00eb b\u00ebjn\u00eb rikonjicion p\u00ebr t\u00eb gjitha selit\u00eb e PS n\u00eb qarqe dhe rrethe dhe un\u00eb e paralajm\u00ebroj edhe nj\u00ebher\u00eb sepse ju e keni par\u00eb, sulmi n\u00eb m\u00ebnyr\u00ebn m\u00eb absurde u p\u00ebrqendrua tek selia.<\/p>\n<p>Aty u pozicionuan nj\u00eb grup bandit\u00ebsh me uniform\u00eb q\u00eb q\u00ebllonin me t\u00eb gjitha mjetet n\u00eb drejtim t\u00eb selis\u00eb dhe nj\u00eb grupi protestuesish q\u00eb ishin n\u00eb rrug\u00eb para selis\u00eb.<\/p>\n<p>\u00c7far\u00eb po b\u00ebnin ata? \u00c7far\u00eb k\u00ebrc\u00ebnimi p\u00ebrb\u00ebnin ata q\u00eb q\u00ebndronin para selis\u00eb s\u00eb tyre?<\/p>\n<p>N\u00eb fakt, po sulmohej selia.<\/p>\n<p>Dhe un\u00eb p\u00ebrs\u00ebri i them, Edi Rama u garantoj ju se p\u00ebr t\u00eb shp\u00ebtuar l\u00ebkur\u00ebn e tij, do donte q\u00eb t\u2019ia digjnim pes\u00eb her\u00eb selin\u00eb e PS aty ku \u00ebsht\u00eb.<\/p>\n<p>Por ajo nuk do ndodh\u00eb kur do ai.<\/p>\n<p>K\u00ebt\u00eb e siguroj.<\/p>\n","protected":false},"excerpt":{"rendered":"<p>Lideri i opozit\u00ebs, Sali Berisha ka reaguar gjat\u00eb dit\u00ebs s\u00eb sotme edhe p\u00ebr sulmin e policis\u00eb ndaj selis\u00eb s\u00eb Partis\u00eb Demokratike n\u00eb protest\u00ebn e 20 shkurtit. Ai tha se, d\u00ebnoj sulmin ndaj selis\u00eb s\u00eb PD, e paralajm\u00ebroj Ram\u00ebn se p\u00ebrgjigja do jet\u00eb ajo q\u00eb nuk ia pret mendja atij. Berisha: At\u00ebher\u00eb, t\u00eb p\u00ebrsh\u00ebndes heronjt\u00eb e &hellip;<\/p>\n","protected":false},"author":4,"featured_media":136737,"comment_status":"closed","ping_status":"closed","sticky":false,"template":"","format":"standard","meta":{"footnotes":""},"categories":[37],"tags":[],"class_list":["post-136752","post","type-post","status-publish","format-standard","has-post-thumbnail","","category-politike"],"_links":{"self":[{"href":"https:\/\/rdnews.al\/index.php\/wp-json\/wp\/v2\/posts\/136752","targetHints":{"allow":["GET"]}}],"collection":[{"href":"https:\/\/rdnews.al\/index.php\/wp-json\/wp\/v2\/posts"}],"about":[{"href":"https:\/\/rdnews.al\/index.php\/wp-json\/wp\/v2\/types\/post"}],"author":[{"embeddable":true,"href":"https:\/\/rdnews.al\/index.php\/wp-json\/wp\/v2\/users\/4"}],"replies":[{"embeddable":true,"href":"https:\/\/rdnews.al\/index.php\/wp-json\/wp\/v2\/comments?post=136752"}],"version-history":[{"count":1,"href":"https:\/\/rdnews.al\/index.php\/wp-json\/wp\/v2\/posts\/136752\/revisions"}],"predecessor-version":[{"id":136754,"href":"https:\/\/rdnews.al\/index.php\/wp-json\/wp\/v2\/posts\/136752\/revisions\/136754"}],"wp:featuredmedia":[{"embeddable":true,"href":"https:\/\/rdnews.al\/index.php\/wp-json\/wp\/v2\/media\/136737"}],"wp:attachment":[{"href":"https:\/\/rdnews.al\/index.php\/wp-json\/wp\/v2\/media?parent=136752"}],"wp:term":[{"taxonomy":"category","embeddable":true,"href":"https:\/\/rdnews.al\/index.php\/wp-json\/wp\/v2\/categories?post=136752"},{"taxonomy":"post_tag","embeddable":true,"href":"https:\/\/rdnews.al\/index.php\/wp-json\/wp\/v2\/tags?post=136752"}],"curies":[{"name":"wp","href":"https:\/\/api.w.org\/{rel}","templated":true}]}}