{"id":136755,"date":"2026-02-23T17:33:37","date_gmt":"2026-02-23T17:33:37","guid":{"rendered":"https:\/\/rdnews.al\/?p=136755"},"modified":"2026-02-23T17:33:37","modified_gmt":"2026-02-23T17:33:37","slug":"5ore-mbledhje-ps-nuk-dorezon-ballukun-spak-akuza-te-reja-kercenim-dhe-joshje-deshmitaresh","status":"publish","type":"post","link":"https:\/\/rdnews.al\/index.php\/2026\/02\/23\/5ore-mbledhje-ps-nuk-dorezon-ballukun-spak-akuza-te-reja-kercenim-dhe-joshje-deshmitaresh\/","title":{"rendered":"5or\u00eb mbledhje, PS nuk dor\u00ebzon Ballukun, SPAK akuza t\u00eb reja: K\u00ebrc\u00ebnim dhe joshje d\u00ebshmitar\u00ebsh"},"content":{"rendered":"<p>Pes\u00eb or\u00ebt e diskutimit n\u00eb K\u00ebshillin e Mandateve b\u00ebn\u00eb bashk\u00eb SPAK dhe opozit\u00ebn mbi k\u00ebrkes\u00ebn p\u00ebr dh\u00ebnien e autorizimit p\u00ebr arrestimin e ish-z\u00ebvend\u00ebskryeministres dhe Ministres s\u00eb Infrastruktur\u00ebs dhe Energjitik\u00ebs, Belinda Balluku, por gjet\u00ebn ende refuzimin e mazhoranc\u00ebs.<\/p>\n<p>Pritet dit\u00ebt n\u00eb vijim se \u00e7far\u00eb do t\u00eb ndodh\u00eb dhe gjith\u00e7ka varet nga vendimi politik i PS-s\u00eb, pasi ai juridik, duket se \u00ebsht\u00eb r\u00ebnduar edhe m\u00eb shum\u00eb p\u00ebr Ballukun.<\/p>\n<p><strong>Faktet e reja<\/strong><\/p>\n<p>Kreu i Grupit Parlamentar t\u00eb PD-s\u00eb Gazmend Bardhi, pas p\u00ebrfundimit t\u00eb mbledhjes, dha holl\u00ebsi mbi gjith\u00e7ka ishte diskutuar, duke u shprehur se mbledhja ishte regjistruar nga ana e opozit\u00ebs dhe se ishte i lir\u00eb t\u00eb tregonte gjith\u00e7ka, pasi sipas tij, nuk kishte nj\u00eb vendim me votim nga K\u00ebshilli i Mandateve q\u00eb mbledhja t\u00eb ishte sekret me dyer t\u00eb mbyllura.<\/p>\n<p>Duke shfryt\u00ebzuar k\u00ebt\u00eb holl\u00ebsi, Bardhi dha detaje nga q\u00ebndrimi i Prokuroris\u00eb Speciale.<\/p>\n<p><em>\u201cProkuroria tha se kur u k\u00ebrkua ndaj Ballukut masa ndaluese, ajo rrezikonte d\u00ebnim n\u00eb maksimum deri n\u00eb 10 vite burg. Sot q\u00eb flasim, u shpreh\u00ebn prokuror\u00ebt, n\u00ebse provohen t\u00eb gjitha akuzat e ngritura ajo rrezikon n\u00eb maksimum 35 vite burg\u201d,<\/em>\u00a0tha\u00a0Bardhi, duke iu referuar q\u00ebndrimeve n\u00eb mbledhje.<\/p>\n<p>Sipas tij, \u201ckjo tregon se jemi n\u00eb nj\u00eb situat\u00eb t\u00eb r\u00ebnduar sa i takon krimeve t\u00eb kryera nga Balluku\u201d<\/p>\n<p><em>\u201cProkuror\u00ebt n\u00eb nj\u00eb d\u00ebshmi trondit\u00ebse i kan\u00eb vendosur n\u00eb dispozicion K\u00ebshillit t\u00eb Mandateve provat konkrete se si Balluku p\u00ebrmes dy formave, t\u00eb fort\u00ebve q\u00eb kan\u00eb k\u00ebrc\u00ebnuar me jet\u00eb d\u00ebshmitar\u00eb n\u00eb \u00e7\u00ebshtjen Balluku dhe forma e dyt\u00eb p\u00ebrmes zyrtar\u00ebve, an\u00ebtar\u00eb t\u00eb kabinetit t\u00eb Ballukut, q\u00eb kan\u00eb k\u00ebrc\u00ebnuar d\u00ebshmitar\u00ebt se do hiqeshin nga puna familjar\u00ebt atyre q\u00eb d\u00ebshmonin ndaj Ballukut dhe m\u00eb pas i kan\u00eb ofruar edhe para q\u00eb t\u00eb ndryshonin d\u00ebshmit\u00eb q\u00eb kan\u00eb dh\u00ebn\u00eb\u201d<\/em>, tha Bardhi.<\/p>\n<p><strong>Mazhoranca<\/strong><\/p>\n<p>P\u00ebr shkak t\u00eb forc\u00ebs s\u00eb kartonit, dh\u00ebnia e autorizimit p\u00ebr arrestimin ose jo t\u00eb Belinda Ballukut tashm\u00eb \u00ebsht\u00eb n\u00eb duart e opozit\u00ebs.<\/p>\n<p>Kreu i Grupit Parlamentar Socialist. Taulant Balla, la t\u00eb kuptohet se n\u00eb faz\u00ebn aktuale nuk do t\u00eb aprovojn\u00eb k\u00ebrkes\u00ebn e SPAK.<\/p>\n<p><em>\u201cN\u00eb p\u00ebrfundim t\u00eb k\u00ebtij procesi, duke qen\u00eb se pala tjet\u00ebr e kishte marr\u00eb vendimin para se t\u00eb b\u00ebhej shqyrtimi, nd\u00ebrkoh\u00eb q\u00eb n\u00eb rastin ton\u00eb, n\u00eb em\u00ebr t\u00eb 5 deputet\u00ebve, kam informuar K\u00ebshillin e Mandateve, ne nuk ishim dakord me at\u00eb m\u00ebnyr\u00eb sesi \u00ebsht\u00eb propozuar. Do t\u00eb keni nj\u00eb informim nga ana ime dhe an\u00ebtar\u00ebve t\u00eb tjer\u00eb n\u00eb nj\u00eb nga mbledhjet e para t\u00eb grupit. Pas atij komunikimi, grupi parlamentar i Partis\u00eb Socialiste, n\u00eb p\u00ebrfundim t\u00eb k\u00ebtij procesi, sapo kolegu Ulsi Manja t\u00eb ket\u00eb hartuar raportin n\u00eb em\u00ebr t\u00eb pes\u00ebshes son\u00eb. Masa e pezullimit besoj se \u00ebsht\u00eb e mjaftueshme\u201d,<\/em>\u00a0tha\u00a0Balla.<\/p>\n<p><strong>Prokuroria<\/strong><\/p>\n<p>Prokuroria Speciale SPAK m\u00eb dat\u00eb 16 dhjetor d\u00ebrgoi n\u00eb Kuvend k\u00ebrkes\u00ebn p\u00ebr marrjen e autorizimit p\u00ebr \u201carrestimin e ish-ministres Belinda Balluku\u201d. Ajo akuzohet p\u00ebr vepr\u00ebn penale \u201cshkelje e barazis\u00eb s\u00eb pjes\u00ebmarr\u00ebsve t\u00eb ankende ose\u00a0tendera\u00a0publike\u201d, n\u00eb n\u00ebnt\u00eb raste.<\/p>\n<p>Ato p\u00ebrfshijn\u00eb hetimet p\u00ebr Tunelin e Llogaras\u00eb dhe disa lote t\u00eb Unaz\u00ebs s\u00eb Madhe n\u00eb Tiran\u00eb. Si pjes\u00eb e k\u00ebtij hetimi n\u00eb SPAK jan\u00eb paraqitur biznesmen\u00eb dhe persona t\u00eb tjer\u00eb q\u00eb dyshohet se kan\u00eb lidhje me veprimtarin\u00eb e Belinda Ballukut.<\/p>\n<p>S\u00eb fundmi edhe Gjykata Kushtetuese rr\u00ebzoi k\u00ebrkes\u00ebn e kryeministrit si t\u00eb papajtuesh\u00ebm me Kushtetut\u00ebn mas\u00ebn e pezullimit t\u00eb saj nga detyra. Me votimin kat\u00ebr pro dhe kat\u00ebr kund\u00ebr, tet\u00eb an\u00ebtar\u00ebt e Gjykat\u00ebs Kushtetuese lan\u00eb n\u00eb fuqi vendimin e GJKKO-s\u00eb p\u00ebr mas\u00ebn e siguris\u00eb: \u201cPezullim nga detyra dhe bllokim t\u00eb pasaport\u00ebs p\u00ebr t\u00eb dal\u00eb jasht\u00eb vendit\u201d. Kjo mas\u00eb sipas mazhoranc\u00ebs \u00ebsht\u00eb e mjaftueshme q\u00eb SPAK t\u00eb hetoj\u00eb. \/Faktoje.al<\/p>\n","protected":false},"excerpt":{"rendered":"<p>Pes\u00eb or\u00ebt e diskutimit n\u00eb K\u00ebshillin e Mandateve b\u00ebn\u00eb bashk\u00eb SPAK dhe opozit\u00ebn mbi k\u00ebrkes\u00ebn p\u00ebr dh\u00ebnien e autorizimit p\u00ebr arrestimin e ish-z\u00ebvend\u00ebskryeministres dhe Ministres s\u00eb Infrastruktur\u00ebs dhe Energjitik\u00ebs, Belinda Balluku, por gjet\u00ebn ende refuzimin e mazhoranc\u00ebs. Pritet dit\u00ebt n\u00eb vijim se \u00e7far\u00eb do t\u00eb ndodh\u00eb dhe gjith\u00e7ka varet nga vendimi politik i PS-s\u00eb, pasi &hellip;<\/p>\n","protected":false},"author":4,"featured_media":128856,"comment_status":"closed","ping_status":"closed","sticky":false,"template":"","format":"standard","meta":{"footnotes":""},"categories":[37],"tags":[],"class_list":["post-136755","post","type-post","status-publish","format-standard","has-post-thumbnail","","category-politike"],"_links":{"self":[{"href":"https:\/\/rdnews.al\/index.php\/wp-json\/wp\/v2\/posts\/136755","targetHints":{"allow":["GET"]}}],"collection":[{"href":"https:\/\/rdnews.al\/index.php\/wp-json\/wp\/v2\/posts"}],"about":[{"href":"https:\/\/rdnews.al\/index.php\/wp-json\/wp\/v2\/types\/post"}],"author":[{"embeddable":true,"href":"https:\/\/rdnews.al\/index.php\/wp-json\/wp\/v2\/users\/4"}],"replies":[{"embeddable":true,"href":"https:\/\/rdnews.al\/index.php\/wp-json\/wp\/v2\/comments?post=136755"}],"version-history":[{"count":1,"href":"https:\/\/rdnews.al\/index.php\/wp-json\/wp\/v2\/posts\/136755\/revisions"}],"predecessor-version":[{"id":136756,"href":"https:\/\/rdnews.al\/index.php\/wp-json\/wp\/v2\/posts\/136755\/revisions\/136756"}],"wp:featuredmedia":[{"embeddable":true,"href":"https:\/\/rdnews.al\/index.php\/wp-json\/wp\/v2\/media\/128856"}],"wp:attachment":[{"href":"https:\/\/rdnews.al\/index.php\/wp-json\/wp\/v2\/media?parent=136755"}],"wp:term":[{"taxonomy":"category","embeddable":true,"href":"https:\/\/rdnews.al\/index.php\/wp-json\/wp\/v2\/categories?post=136755"},{"taxonomy":"post_tag","embeddable":true,"href":"https:\/\/rdnews.al\/index.php\/wp-json\/wp\/v2\/tags?post=136755"}],"curies":[{"name":"wp","href":"https:\/\/api.w.org\/{rel}","templated":true}]}}