{"id":136757,"date":"2026-02-23T17:39:22","date_gmt":"2026-02-23T17:39:22","guid":{"rendered":"https:\/\/rdnews.al\/?p=136757"},"modified":"2026-02-23T17:39:22","modified_gmt":"2026-02-23T17:39:22","slug":"bardhi-pas-mbledhjes-socialistet-mburoje-per-ballukun-spak-solli-prova-te-reja","status":"publish","type":"post","link":"https:\/\/rdnews.al\/index.php\/2026\/02\/23\/bardhi-pas-mbledhjes-socialistet-mburoje-per-ballukun-spak-solli-prova-te-reja\/","title":{"rendered":"Bardhi pas mbledhjes: Socialist\u00ebt mburoj\u00eb p\u00ebr Ballukun, SPAK solli prova t\u00eb reja"},"content":{"rendered":"<p>Kreu i Grupit Parlamentar t\u00eb PD, Gazment Bardhi ka folur n\u00eb lidhje me mbledhjen e sotme t\u00eb K\u00ebshillit t\u00eb Mandateve dhe Imuniteteve p\u00ebr heqjen e imunitetit t\u00eb Belinda Ballukut, p\u00ebr t\u00eb cil\u00ebn SPAK po k\u00ebrkon arrestimin.<\/p>\n<p>Mbledhja u mbyll pa nj\u00eb vendim t\u00eb dh\u00ebn\u00eb dit\u00ebn e sotme, nd\u00ebrkoh\u00eb sipas Bardhit, Edi Rama kishte urdh\u00ebruar 5 an\u00ebtar\u00ebt e K\u00ebshilit t\u00eb b\u00ebhen mburoj\u00eb p\u00ebr Ballukun.<\/p>\n<p>Sipas Bardhit, prokuror\u00ebt n\u00eb nj\u00eb d\u00ebshmi trondit\u00ebse i kan\u00eb vendosur n\u00eb dispozicion K\u00ebshillit t\u00eb Mandateve\u00a0<strong>provat konkrete<\/strong>\u00a0se si Balluku p\u00ebrmes \u201ct\u00eb fort\u00ebve\u201d dhe zyrtar\u00ebve t\u00eb kabinetit\u00a0<strong>ka k\u00ebrc\u00ebnuar me jet\u00eb d\u00ebshmitar\u00eb<\/strong>\u00a0n\u00eb \u00e7\u00ebshtje.<\/p>\n<p>\u201cNuk ka asnj\u00eb vendim t\u00eb K\u00ebshillit t\u00eb Mandateve q\u00eb seanca t\u00eb ishte me dyer t\u00eb mbyllura. Nuk kishte asnj\u00eb surpriz\u00eb. Rama urdh\u00ebroi 5 an\u00ebtar\u00ebt e PS n\u00eb k\u00ebshill t\u00eb b\u00ebheshin mbrojtje politike p\u00ebr t\u00eb korruptuar\u00ebn Belinda Balluku.<\/p>\n<p>SPAK konfirmoi se situata penale ndaj Balluku \u00ebsht\u00eb r\u00ebnduar tep\u00ebr krahasuar me masat e para q\u00eb gjykata ka dh\u00ebn\u00eb ndaj saj. K\u00ebto masa deri tani nuk mbrojn\u00eb dot hetimin e plot\u00eb ndaj Ballukut. Prokoruroia tha se kur u k\u00ebrkua ndaj Ballukut masa e masave ndaluese, ajo rrezikonte d\u00ebnim n\u00eb maksimum deri n\u00eb 10 vite burg, sot q\u00eb flasim u shpreh\u00ebn prokuror\u00ebt n\u00ebse provohen t\u00eb gjitha akuzat e ngritura ajo rrezikon n\u00eb maksimum 35 vite burg. Kjo tregon se jemi n\u00eb nj\u00eb situat\u00eb t\u00eb r\u00ebnduar sa i takon krimeve t\u00eb kryera prej saj.<\/p>\n<p>Prokuror\u00ebt n\u00eb nj\u00eb d\u00ebshmi trondit\u00ebse i kan\u00eb vendosur n\u00eb dispozicion k\u00ebshillit t\u00eb mandateve provat konkrete se si Balluku p\u00ebrmes dy formave, t\u00eb fort\u00ebve q\u00eb kan\u00eb k\u00ebrc\u00ebnuar me jet\u00eb d\u00ebshmitar\u00eb n\u00eb \u00e7\u00ebshtjen Balluku dhe forma e dyt\u00eb p\u00ebrmes zyrtar\u00ebve an\u00ebtar\u00eb t\u00eb kabinetit t\u00eb Balluku q\u00eb kan\u00eb k\u00ebrc\u00ebnuar d\u00ebshmitar\u00ebt se do hiqeshin nga puna familjar\u00ebt atyre q\u00eb d\u00ebshmonin ndaj Ballukut dhe m\u00eb pas i kan\u00eb ofruar edhe para q\u00eb t\u00eb ndryshonin d\u00ebshmit\u00eb q\u00eb kan\u00eb dh\u00ebn\u00eb\u201d, u shpreh Bardhi.<\/p>\n","protected":false},"excerpt":{"rendered":"<p>Kreu i Grupit Parlamentar t\u00eb PD, Gazment Bardhi ka folur n\u00eb lidhje me mbledhjen e sotme t\u00eb K\u00ebshillit t\u00eb Mandateve dhe Imuniteteve p\u00ebr heqjen e imunitetit t\u00eb Belinda Ballukut, p\u00ebr t\u00eb cil\u00ebn SPAK po k\u00ebrkon arrestimin. Mbledhja u mbyll pa nj\u00eb vendim t\u00eb dh\u00ebn\u00eb dit\u00ebn e sotme, nd\u00ebrkoh\u00eb sipas Bardhit, Edi Rama kishte urdh\u00ebruar 5 &hellip;<\/p>\n","protected":false},"author":4,"featured_media":136758,"comment_status":"closed","ping_status":"closed","sticky":false,"template":"","format":"standard","meta":{"footnotes":""},"categories":[37],"tags":[],"class_list":["post-136757","post","type-post","status-publish","format-standard","has-post-thumbnail","","category-politike"],"_links":{"self":[{"href":"https:\/\/rdnews.al\/index.php\/wp-json\/wp\/v2\/posts\/136757","targetHints":{"allow":["GET"]}}],"collection":[{"href":"https:\/\/rdnews.al\/index.php\/wp-json\/wp\/v2\/posts"}],"about":[{"href":"https:\/\/rdnews.al\/index.php\/wp-json\/wp\/v2\/types\/post"}],"author":[{"embeddable":true,"href":"https:\/\/rdnews.al\/index.php\/wp-json\/wp\/v2\/users\/4"}],"replies":[{"embeddable":true,"href":"https:\/\/rdnews.al\/index.php\/wp-json\/wp\/v2\/comments?post=136757"}],"version-history":[{"count":1,"href":"https:\/\/rdnews.al\/index.php\/wp-json\/wp\/v2\/posts\/136757\/revisions"}],"predecessor-version":[{"id":136759,"href":"https:\/\/rdnews.al\/index.php\/wp-json\/wp\/v2\/posts\/136757\/revisions\/136759"}],"wp:featuredmedia":[{"embeddable":true,"href":"https:\/\/rdnews.al\/index.php\/wp-json\/wp\/v2\/media\/136758"}],"wp:attachment":[{"href":"https:\/\/rdnews.al\/index.php\/wp-json\/wp\/v2\/media?parent=136757"}],"wp:term":[{"taxonomy":"category","embeddable":true,"href":"https:\/\/rdnews.al\/index.php\/wp-json\/wp\/v2\/categories?post=136757"},{"taxonomy":"post_tag","embeddable":true,"href":"https:\/\/rdnews.al\/index.php\/wp-json\/wp\/v2\/tags?post=136757"}],"curies":[{"name":"wp","href":"https:\/\/api.w.org\/{rel}","templated":true}]}}