{"id":136760,"date":"2026-02-23T17:43:31","date_gmt":"2026-02-23T17:43:31","guid":{"rendered":"https:\/\/rdnews.al\/?p=136760"},"modified":"2026-02-23T17:43:31","modified_gmt":"2026-02-23T17:43:31","slug":"ambasadori-i-be-reforma-territoriale-te-jete-gjitheperfshirese-dhe-plotesisht-transparente","status":"publish","type":"post","link":"https:\/\/rdnews.al\/index.php\/2026\/02\/23\/ambasadori-i-be-reforma-territoriale-te-jete-gjitheperfshirese-dhe-plotesisht-transparente\/","title":{"rendered":"Ambasadori i BE: Reforma Territoriale t\u00eb jet\u00eb gjith\u00ebp\u00ebrfshir\u00ebse dhe plot\u00ebsisht transparente"},"content":{"rendered":"<p>Ambasadori i BE n\u00eb Tiran\u00eb, Silvio Gonzato, e ka cil\u00ebsuar takim konstruktiv, diskutimin me bashk\u00ebkryetar\u00ebt Arbjan Mazniku dhe Lu\u00e7iano Bo\u00e7i t\u00eb Komisionit t\u00eb Posa\u00e7\u00ebm p\u00ebr Reform\u00ebn Territoriale dhe Administrative n\u00eb Kuvendin e Shqip\u00ebris\u00eb.<\/p>\n<p>Gonzato\u00a0theksoi r\u00ebnd\u00ebsin\u00eb e nj\u00eb reforme gjith\u00ebp\u00ebrfshir\u00ebse dhe plot\u00ebsisht transparente, t\u00eb nd\u00ebrtuar mbi t\u00eb dh\u00ebna t\u00eb sakta dhe konsensus t\u00eb gjer\u00eb. Shpejt\u00ebsia e reformave nuk mund t\u00eb vij\u00eb n\u00eb kurriz t\u00eb cil\u00ebsis\u00eb dhe rritja e efikasitetit nuk mund t\u00eb vij\u00eb n\u00eb kurriz t\u00eb demokracis\u00eb vendore.<\/p>\n<p>\u201cNj\u00ebkoh\u00ebsisht, \u00ebsht\u00eb e r\u00ebnd\u00ebsishme q\u00eb funksionet t\u00eb shoq\u00ebrohen me financim t\u00eb mjaftuesh\u00ebm, n\u00eb m\u00ebnyr\u00eb q\u00eb autoritetet vendore t\u00eb ken\u00eb autonomi reale n\u00eb vendimmarrje, t\u00eb mb\u00ebshtetur nga kapacitetet e nevojshme.<\/p>\n<p>Mbetet thelb\u00ebsore q\u00eb reforma t\u00eb sjell\u00eb sh\u00ebrbime m\u00eb t\u00eb mira p\u00ebr qytetar\u00ebt dhe t\u00eb jet\u00eb n\u00eb p\u00ebrputhje me standardet evropiane.<\/p>\n<p>Ambasadori i BE-s\u00eb, Silvio Gonzato, theksoi r\u00ebnd\u00ebsin\u00eb e nj\u00eb reforme gjith\u00ebp\u00ebrfshir\u00ebse dhe plot\u00ebsisht transparente, t\u00eb nd\u00ebrtuar mbi t\u00eb dh\u00ebna t\u00eb sakta dhe konsensus t\u00eb gjer\u00eb. Shpejt\u00ebsia e reformave nuk mund t\u00eb vij\u00eb n\u00eb kurriz t\u00eb cil\u00ebsis\u00eb dhe rritja e efikasitetit nuk mund t\u00eb vij\u00eb n\u00eb kurriz t\u00eb demokracis\u00eb vendore.<\/p>\n<p>Nj\u00ebkoh\u00ebsisht, \u00ebsht\u00eb e r\u00ebnd\u00ebsishme q\u00eb funksionet t\u00eb shoq\u00ebrohen me financim t\u00eb mjaftuesh\u00ebm, n\u00eb m\u00ebnyr\u00eb q\u00eb autoritetet vendore t\u00eb ken\u00eb autonomi reale n\u00eb vendimmarrje, t\u00eb mb\u00ebshtetur nga kapacitetet e nevojshme.<\/p>\n<p>Mbetet thelb\u00ebsore q\u00eb reforma t\u00eb sjell\u00eb sh\u00ebrbime m\u00eb t\u00eb mira p\u00ebr qytetar\u00ebt dhe t\u00eb jet\u00eb n\u00eb p\u00ebrputhje me standardet evropiane\u201d, thuhet n\u00eb mesazhin e amnbasadorit t\u00eb BE-s\u00eb n\u00eb rrjetin social facebook.<\/p>\n","protected":false},"excerpt":{"rendered":"<p>Ambasadori i BE n\u00eb Tiran\u00eb, Silvio Gonzato, e ka cil\u00ebsuar takim konstruktiv, diskutimin me bashk\u00ebkryetar\u00ebt Arbjan Mazniku dhe Lu\u00e7iano Bo\u00e7i t\u00eb Komisionit t\u00eb Posa\u00e7\u00ebm p\u00ebr Reform\u00ebn Territoriale dhe Administrative n\u00eb Kuvendin e Shqip\u00ebris\u00eb. Gonzato\u00a0theksoi r\u00ebnd\u00ebsin\u00eb e nj\u00eb reforme gjith\u00ebp\u00ebrfshir\u00ebse dhe plot\u00ebsisht transparente, t\u00eb nd\u00ebrtuar mbi t\u00eb dh\u00ebna t\u00eb sakta dhe konsensus t\u00eb gjer\u00eb. Shpejt\u00ebsia e &hellip;<\/p>\n","protected":false},"author":4,"featured_media":136761,"comment_status":"closed","ping_status":"closed","sticky":false,"template":"","format":"standard","meta":{"footnotes":""},"categories":[37],"tags":[],"class_list":["post-136760","post","type-post","status-publish","format-standard","has-post-thumbnail","","category-politike"],"_links":{"self":[{"href":"https:\/\/rdnews.al\/index.php\/wp-json\/wp\/v2\/posts\/136760","targetHints":{"allow":["GET"]}}],"collection":[{"href":"https:\/\/rdnews.al\/index.php\/wp-json\/wp\/v2\/posts"}],"about":[{"href":"https:\/\/rdnews.al\/index.php\/wp-json\/wp\/v2\/types\/post"}],"author":[{"embeddable":true,"href":"https:\/\/rdnews.al\/index.php\/wp-json\/wp\/v2\/users\/4"}],"replies":[{"embeddable":true,"href":"https:\/\/rdnews.al\/index.php\/wp-json\/wp\/v2\/comments?post=136760"}],"version-history":[{"count":1,"href":"https:\/\/rdnews.al\/index.php\/wp-json\/wp\/v2\/posts\/136760\/revisions"}],"predecessor-version":[{"id":136762,"href":"https:\/\/rdnews.al\/index.php\/wp-json\/wp\/v2\/posts\/136760\/revisions\/136762"}],"wp:featuredmedia":[{"embeddable":true,"href":"https:\/\/rdnews.al\/index.php\/wp-json\/wp\/v2\/media\/136761"}],"wp:attachment":[{"href":"https:\/\/rdnews.al\/index.php\/wp-json\/wp\/v2\/media?parent=136760"}],"wp:term":[{"taxonomy":"category","embeddable":true,"href":"https:\/\/rdnews.al\/index.php\/wp-json\/wp\/v2\/categories?post=136760"},{"taxonomy":"post_tag","embeddable":true,"href":"https:\/\/rdnews.al\/index.php\/wp-json\/wp\/v2\/tags?post=136760"}],"curies":[{"name":"wp","href":"https:\/\/api.w.org\/{rel}","templated":true}]}}