{"id":136763,"date":"2026-02-23T18:01:01","date_gmt":"2026-02-23T18:01:01","guid":{"rendered":"https:\/\/rdnews.al\/?p=136763"},"modified":"2026-02-23T18:01:01","modified_gmt":"2026-02-23T18:01:01","slug":"berisha-20-shkurti-tmerroi-kliken-e-edi-rames-e-cila-meriton-shekuj-te-tere-me-burg-dhe-denime","status":"publish","type":"post","link":"https:\/\/rdnews.al\/index.php\/2026\/02\/23\/berisha-20-shkurti-tmerroi-kliken-e-edi-rames-e-cila-meriton-shekuj-te-tere-me-burg-dhe-denime\/","title":{"rendered":"Berisha: 20 shkurti tmerroi klik\u00ebn e Edi Ram\u00ebs, e cila meriton shekuj t\u00eb t\u00ebr\u00eb me burg dhe d\u00ebnime"},"content":{"rendered":"<p>Kryetari i PD, Sali Berisha, duke folur n\u00eb \u2018Foltoren\u2019 para kryeministris\u00eb ka p\u00ebrsh\u00ebndetur dhe fal\u00ebnderuar t\u00eb gjith\u00eb qytetar\u00ebt q\u00eb mor\u00ebn pjes\u00eb n\u00eb protest\u00ebn e 20 shkurtit n\u00eb Tiran\u00eb.<\/p>\n<p>Ai tha se, 20 shkurti tmerroi klik\u00ebn e Edi Ram\u00ebs, e cila meriton shekuj t\u00eb t\u00ebr\u00eb me burg dhe d\u00ebnime.<\/p>\n<p><strong>Berisha: <\/strong>Mir\u00ebmbr\u00ebma dhe p\u00ebrsh\u00ebndetjet m\u00eb t\u00eb p\u00ebrzem\u00ebrta, mir\u00ebnjohjen m\u00eb t\u00eb pakufishme ndaj jush misionar\u00eb t\u00eb pamposhtur t\u00eb shp\u00ebtimit t\u00eb Shqip\u00ebris\u00eb.<\/p>\n<p>Misionar\u00eb t\u00eb pamposhtur t\u00eb q\u00ebndres\u00ebs ndaj nj\u00eb regjimi q\u00eb vjedh, varf\u00ebron, posht\u00ebron, p\u00ebrz\u00eb nga Shqip\u00ebria \u00e7do or\u00eb, \u00e7do dit\u00eb, qytetar\u00ebt e k\u00ebtij vendi.<\/p>\n<p>Nuk ka vendim m\u00eb fisnik, nuk ka ideal m\u00eb t\u00eb lart\u00eb se sa beteja kund\u00ebr k\u00ebtij regjimi, kund\u00ebr k\u00ebsaj t\u00eb keqe q\u00eb ka ng\u00ebrthyer trupin e Shqip\u00ebris\u00eb.<\/p>\n<p>Dhe nj\u00eb p\u00ebrsh\u00ebndetje t\u00eb ve\u00e7ant\u00eb p\u00ebr ata dhjet\u00ebra mij\u00ebra protestues q\u00eb shnd\u00ebrruan 20 shkurtin e vitit 2026 n\u00eb kryengritjen paq\u00ebsore m\u00eb t\u00eb fuqishme q\u00eb ka njohur Shqip\u00ebria pas 20 shkurtit t\u00eb vitit 1991.<\/p>\n<p>20 shkurti 2026 ishte dita e triumfit tuaj.<\/p>\n<p>Ishte dita e triumfit t\u00eb idealeve demokratike.<\/p>\n<p>Dita e triumfit t\u00eb guximit qytetar.<\/p>\n<p>Dita e triumfit t\u00eb p\u00ebrgjegj\u00ebsis\u00eb t\u00eb qytetar\u00ebve shqiptar\u00eb ndaj vendit t\u00eb tyre, ndaj kombit t\u00eb tyre.<\/p>\n<p>Ishte dita n\u00eb t\u00eb cil\u00ebn Tirana e t\u00ebr\u00eb ishte n\u00eb duart e qytetar\u00ebve.<\/p>\n<p>Dita q\u00eb tmerroi k\u00ebt\u00eb klik\u00eb, k\u00ebt\u00eb organizat\u00eb kriminale t\u00eb kryesuar nga Edi Rama, e cila n\u00eb krimet e saj q\u00eb ka kryer meriton shekuj, shekuj, shekuj burg dhe d\u00ebnime.<\/p>\n","protected":false},"excerpt":{"rendered":"<p>Kryetari i PD, Sali Berisha, duke folur n\u00eb \u2018Foltoren\u2019 para kryeministris\u00eb ka p\u00ebrsh\u00ebndetur dhe fal\u00ebnderuar t\u00eb gjith\u00eb qytetar\u00ebt q\u00eb mor\u00ebn pjes\u00eb n\u00eb protest\u00ebn e 20 shkurtit n\u00eb Tiran\u00eb. Ai tha se, 20 shkurti tmerroi klik\u00ebn e Edi Ram\u00ebs, e cila meriton shekuj t\u00eb t\u00ebr\u00eb me burg dhe d\u00ebnime. Berisha: Mir\u00ebmbr\u00ebma dhe p\u00ebrsh\u00ebndetjet m\u00eb t\u00eb p\u00ebrzem\u00ebrta, &hellip;<\/p>\n","protected":false},"author":4,"featured_media":136764,"comment_status":"closed","ping_status":"closed","sticky":false,"template":"","format":"standard","meta":{"footnotes":""},"categories":[37],"tags":[],"class_list":["post-136763","post","type-post","status-publish","format-standard","has-post-thumbnail","","category-politike"],"_links":{"self":[{"href":"https:\/\/rdnews.al\/index.php\/wp-json\/wp\/v2\/posts\/136763","targetHints":{"allow":["GET"]}}],"collection":[{"href":"https:\/\/rdnews.al\/index.php\/wp-json\/wp\/v2\/posts"}],"about":[{"href":"https:\/\/rdnews.al\/index.php\/wp-json\/wp\/v2\/types\/post"}],"author":[{"embeddable":true,"href":"https:\/\/rdnews.al\/index.php\/wp-json\/wp\/v2\/users\/4"}],"replies":[{"embeddable":true,"href":"https:\/\/rdnews.al\/index.php\/wp-json\/wp\/v2\/comments?post=136763"}],"version-history":[{"count":1,"href":"https:\/\/rdnews.al\/index.php\/wp-json\/wp\/v2\/posts\/136763\/revisions"}],"predecessor-version":[{"id":136765,"href":"https:\/\/rdnews.al\/index.php\/wp-json\/wp\/v2\/posts\/136763\/revisions\/136765"}],"wp:featuredmedia":[{"embeddable":true,"href":"https:\/\/rdnews.al\/index.php\/wp-json\/wp\/v2\/media\/136764"}],"wp:attachment":[{"href":"https:\/\/rdnews.al\/index.php\/wp-json\/wp\/v2\/media?parent=136763"}],"wp:term":[{"taxonomy":"category","embeddable":true,"href":"https:\/\/rdnews.al\/index.php\/wp-json\/wp\/v2\/categories?post=136763"},{"taxonomy":"post_tag","embeddable":true,"href":"https:\/\/rdnews.al\/index.php\/wp-json\/wp\/v2\/tags?post=136763"}],"curies":[{"name":"wp","href":"https:\/\/api.w.org\/{rel}","templated":true}]}}