{"id":136797,"date":"2026-02-24T09:54:37","date_gmt":"2026-02-24T09:54:37","guid":{"rendered":"https:\/\/rdnews.al\/?p=136797"},"modified":"2026-02-24T09:54:37","modified_gmt":"2026-02-24T09:54:37","slug":"malltezi-nxjerr-videon-telefonata-qe-e-detyroi-cucin-te-votonte-kunder-spak","status":"publish","type":"post","link":"https:\/\/rdnews.al\/index.php\/2026\/02\/24\/malltezi-nxjerr-videon-telefonata-qe-e-detyroi-cucin-te-votonte-kunder-spak\/","title":{"rendered":"Malltezi nxjerr videon: Telefonata q\u00eb e detyroi \u00c7u\u00e7in t\u00eb votonte kund\u00ebr SPAK"},"content":{"rendered":"<p>Drejtuesi i Departamentit t\u00eb Mjedisit n\u00eb PD, Jamarb\u00ebr Malltezi ka reaguar pas mbledhjes s\u00eb djeshme t\u00eb komisionit t\u00eb mandateve dhe imunitetit ku PS nuk pranoi q\u00eb t&#8217;i hiqte mbrojtjen Belinda Ballukut, e cila \u00ebsht\u00eb marr\u00eb e pandehur nga SPAK.<\/p>\n<p>N\u00eb nj\u00eb sh\u00ebnim n\u00eb Facebook ka postuar nj\u00eb video t\u00eb drejtuesit t\u00eb lart\u00eb n\u00eb PS Blendi \u00c7u\u00e7i kur deklaronte se PS do t\u00eb miratonte \u00e7do k\u00ebrkes\u00eb t\u00eb SPAK pa patur nevoj\u00eb fare p\u00ebr materiale.<\/p>\n<p><strong>Reagimi<\/strong><\/p>\n<p>Bledi \u00c7u\u00e7i q\u00eb para 3 vitesh deklaroi se ne (PS) miratojm\u00eb \u00e7do k\u00ebrkes\u00eb t\u00eb SPAK e nuk ka nevoj\u00eb p\u00ebr t\u00eb par\u00eb fare materiale, dje n\u00eb k\u00ebshillin e mandateve dhe imuniteteve deklaroi fillimisht vot\u00ebn e tij &#8220;abstenim&#8221; ndaj k\u00ebrkes\u00ebs s\u00eb SPAK, por e mor\u00ebn n\u00eb tel dhe pastaj e ndryshoi n\u00eb &#8220;kund\u00ebr&#8221;<\/p>\n<p>.<iframe loading=\"lazy\" src=\"https:\/\/www.facebook.com\/plugins\/video.php?height=308&amp;href=https%3A%2F%2Fwww.facebook.com%2Freel%2F3828445454131421%2F&amp;show_text=false&amp;width=560&amp;t=0\" width=\"560\" height=\"308\" frameborder=\"0\" scrolling=\"no\" allowfullscreen=\"allowfullscreen\" data-mce-fragment=\"1\"><\/iframe><\/p>\n","protected":false},"excerpt":{"rendered":"<p>Drejtuesi i Departamentit t\u00eb Mjedisit n\u00eb PD, Jamarb\u00ebr Malltezi ka reaguar pas mbledhjes s\u00eb djeshme t\u00eb komisionit t\u00eb mandateve dhe imunitetit ku PS nuk pranoi q\u00eb t&#8217;i hiqte mbrojtjen Belinda Ballukut, e cila \u00ebsht\u00eb marr\u00eb e pandehur nga SPAK. N\u00eb nj\u00eb sh\u00ebnim n\u00eb Facebook ka postuar nj\u00eb video t\u00eb drejtuesit t\u00eb lart\u00eb n\u00eb PS Blendi &hellip;<\/p>\n","protected":false},"author":4,"featured_media":136798,"comment_status":"closed","ping_status":"closed","sticky":false,"template":"","format":"standard","meta":{"footnotes":""},"categories":[37],"tags":[],"class_list":["post-136797","post","type-post","status-publish","format-standard","has-post-thumbnail","","category-politike"],"_links":{"self":[{"href":"https:\/\/rdnews.al\/index.php\/wp-json\/wp\/v2\/posts\/136797","targetHints":{"allow":["GET"]}}],"collection":[{"href":"https:\/\/rdnews.al\/index.php\/wp-json\/wp\/v2\/posts"}],"about":[{"href":"https:\/\/rdnews.al\/index.php\/wp-json\/wp\/v2\/types\/post"}],"author":[{"embeddable":true,"href":"https:\/\/rdnews.al\/index.php\/wp-json\/wp\/v2\/users\/4"}],"replies":[{"embeddable":true,"href":"https:\/\/rdnews.al\/index.php\/wp-json\/wp\/v2\/comments?post=136797"}],"version-history":[{"count":1,"href":"https:\/\/rdnews.al\/index.php\/wp-json\/wp\/v2\/posts\/136797\/revisions"}],"predecessor-version":[{"id":136799,"href":"https:\/\/rdnews.al\/index.php\/wp-json\/wp\/v2\/posts\/136797\/revisions\/136799"}],"wp:featuredmedia":[{"embeddable":true,"href":"https:\/\/rdnews.al\/index.php\/wp-json\/wp\/v2\/media\/136798"}],"wp:attachment":[{"href":"https:\/\/rdnews.al\/index.php\/wp-json\/wp\/v2\/media?parent=136797"}],"wp:term":[{"taxonomy":"category","embeddable":true,"href":"https:\/\/rdnews.al\/index.php\/wp-json\/wp\/v2\/categories?post=136797"},{"taxonomy":"post_tag","embeddable":true,"href":"https:\/\/rdnews.al\/index.php\/wp-json\/wp\/v2\/tags?post=136797"}],"curies":[{"name":"wp","href":"https:\/\/api.w.org\/{rel}","templated":true}]}}