{"id":136824,"date":"2026-02-24T12:21:07","date_gmt":"2026-02-24T12:21:07","guid":{"rendered":"https:\/\/rdnews.al\/?p=136824"},"modified":"2026-02-24T12:21:07","modified_gmt":"2026-02-24T12:21:07","slug":"berisha-edi-ramen-nuk-e-heq-drejtesia-apo-komuniteti-nderkombetar-ate-do-ta-heqin-shqiptaret-njelloj-si-enver-hoxhen","status":"publish","type":"post","link":"https:\/\/rdnews.al\/index.php\/2026\/02\/24\/berisha-edi-ramen-nuk-e-heq-drejtesia-apo-komuniteti-nderkombetar-ate-do-ta-heqin-shqiptaret-njelloj-si-enver-hoxhen\/","title":{"rendered":"Berisha: Edi Ram\u00ebn nuk e heq drejt\u00ebsia apo komuniteti nd\u00ebrkomb\u00ebtar, at\u00eb do ta heqin shqiptar\u00ebt nj\u00eblloj si Enver Hoxh\u00ebn!"},"content":{"rendered":"<p>Kryetari i PD, Sali Berisha, gjat\u00eb konferenc\u00ebs p\u00ebr mediat tha se, Edi Ram\u00ebn nuk e heq drejt\u00ebsia apo komuniteti nd\u00ebrkomb\u00ebtar, at\u00eb do ta heqin shqiptar\u00ebt nj\u00eblloj si Enver Hoxh\u00ebn.<\/p>\n<p>Berisha: P\u00ebr t\u00eb gjitha k\u00ebto, Edi Rama duhet t\u00eb largohet menj\u00ebher\u00eb nga pushteti.<\/p>\n<p>D\u00ebnoj me forc\u00ebn m\u00eb t\u00eb madhe q\u00ebndrimin dhe urdhrin e tij ndaj vasal\u00ebve t\u00eb tij, q\u00eb t\u00eb mos votojn\u00eb k\u00ebrkes\u00ebn e prokuroris\u00eb p\u00ebr heqjen e imunitetit t\u00eb Lubi Ballukut.<\/p>\n<p>T\u00eb dashur qytetar\u00eb dhe qytetare, ky \u00ebsht\u00eb rasti i tret\u00eb n\u00eb t\u00eb cilin Edi Rama \u00ebsht\u00eb vet\u00eb direkt i implikuar.<\/p>\n<p>Ai nuk hoqi imunitetin e Saimir Tahirit sepse ndante me t\u00eb trofeun e drog\u00ebs dhe trafiqeve.<\/p>\n<p>Ai nuk hoqi imunitetin e ndrikull Xha\u00e7k\u00ebs, e kuptoni ju vet\u00eb, sepse \u00ebsht\u00eb aksioner n\u00eb vjedhjen tok\u00eb publike t\u00eb 10 mij\u00eb met\u00ebr katror\u00eb. A mund t\u00eb imagjinoni ju, kryetari i Bashkis\u00eb s\u00eb Himar\u00ebs, burgoset sepse ka firmosur dokumente t\u00eb falsifikuara nga Xha\u00e7kat, por lidhjet e tyre t\u00eb ngushta me Edi Ram\u00ebn dhe interesat kriminale i b\u00ebjn\u00eb k\u00ebta imun\u00eb.<\/p>\n<p>Dhe ai tani nuk heq imunitetin e Lubi Ballukut, sepse e di se fill mbrapa shkon ai.<\/p>\n<p>E di se ai \u00ebsht\u00eb kryehajduti dhe kreu i organizat\u00ebs kriminale.<\/p>\n<p>P\u00ebr t\u00eb gjitha k\u00ebto ka vet\u00ebm nj\u00eb zgjidhje, dor\u00ebheqjen e tij t\u00eb menj\u00ebhershme.<\/p>\n<p>Por, si\u00e7 \u00ebsht\u00eb b\u00ebr\u00eb tashm\u00eb e qart\u00eb, Edi Rama nuk jep dor\u00ebheqjen, Edi Ram\u00ebn nuk e heq dot drejt\u00ebsia, Edi Ram\u00ebn nuk e heq dot komuniteti nd\u00ebrkomb\u00ebtar, por at\u00eb do ta heqin shqiptar\u00ebt, do ta shembin at\u00eb nj\u00eblloj si kultin satanik t\u00eb Enver Hoxh\u00ebs.<\/p>\n","protected":false},"excerpt":{"rendered":"<p>Kryetari i PD, Sali Berisha, gjat\u00eb konferenc\u00ebs p\u00ebr mediat tha se, Edi Ram\u00ebn nuk e heq drejt\u00ebsia apo komuniteti nd\u00ebrkomb\u00ebtar, at\u00eb do ta heqin shqiptar\u00ebt nj\u00eblloj si Enver Hoxh\u00ebn. Berisha: P\u00ebr t\u00eb gjitha k\u00ebto, Edi Rama duhet t\u00eb largohet menj\u00ebher\u00eb nga pushteti. D\u00ebnoj me forc\u00ebn m\u00eb t\u00eb madhe q\u00ebndrimin dhe urdhrin e tij ndaj vasal\u00ebve &hellip;<\/p>\n","protected":false},"author":4,"featured_media":136825,"comment_status":"closed","ping_status":"closed","sticky":false,"template":"","format":"standard","meta":{"footnotes":""},"categories":[37],"tags":[],"class_list":["post-136824","post","type-post","status-publish","format-standard","has-post-thumbnail","","category-politike"],"_links":{"self":[{"href":"https:\/\/rdnews.al\/index.php\/wp-json\/wp\/v2\/posts\/136824","targetHints":{"allow":["GET"]}}],"collection":[{"href":"https:\/\/rdnews.al\/index.php\/wp-json\/wp\/v2\/posts"}],"about":[{"href":"https:\/\/rdnews.al\/index.php\/wp-json\/wp\/v2\/types\/post"}],"author":[{"embeddable":true,"href":"https:\/\/rdnews.al\/index.php\/wp-json\/wp\/v2\/users\/4"}],"replies":[{"embeddable":true,"href":"https:\/\/rdnews.al\/index.php\/wp-json\/wp\/v2\/comments?post=136824"}],"version-history":[{"count":1,"href":"https:\/\/rdnews.al\/index.php\/wp-json\/wp\/v2\/posts\/136824\/revisions"}],"predecessor-version":[{"id":136826,"href":"https:\/\/rdnews.al\/index.php\/wp-json\/wp\/v2\/posts\/136824\/revisions\/136826"}],"wp:featuredmedia":[{"embeddable":true,"href":"https:\/\/rdnews.al\/index.php\/wp-json\/wp\/v2\/media\/136825"}],"wp:attachment":[{"href":"https:\/\/rdnews.al\/index.php\/wp-json\/wp\/v2\/media?parent=136824"}],"wp:term":[{"taxonomy":"category","embeddable":true,"href":"https:\/\/rdnews.al\/index.php\/wp-json\/wp\/v2\/categories?post=136824"},{"taxonomy":"post_tag","embeddable":true,"href":"https:\/\/rdnews.al\/index.php\/wp-json\/wp\/v2\/tags?post=136824"}],"curies":[{"name":"wp","href":"https:\/\/api.w.org\/{rel}","templated":true}]}}