{"id":136827,"date":"2026-02-24T13:11:22","date_gmt":"2026-02-24T13:11:22","guid":{"rendered":"https:\/\/rdnews.al\/?p=136827"},"modified":"2026-02-24T13:11:22","modified_gmt":"2026-02-24T13:11:22","slug":"berisha-rama-i-damkosur-si-langaraqi-i-komunitetit-nderkombetar-ne-bruksel-nuk-e-lane-te-fliste","status":"publish","type":"post","link":"https:\/\/rdnews.al\/index.php\/2026\/02\/24\/berisha-rama-i-damkosur-si-langaraqi-i-komunitetit-nderkombetar-ne-bruksel-nuk-e-lane-te-fliste\/","title":{"rendered":"Berisha: Rama i damkosur si langaraqi i komunitetit nd\u00ebrkomb\u00ebtar! N\u00eb Bruksel nuk e lan\u00eb t\u00eb fliste!"},"content":{"rendered":"<p>Kryetari i PD, Sali Berisha i \u00ebsht\u00eb p\u00ebrgjigjur interesit t\u00eb gazetar\u00ebve p\u00ebr q\u00ebndrimin e Brukselit n\u00eb lidhje me negociatat pas mbrojtjes q\u00eb Rama po i b\u00ebn Ballukut.<\/p>\n<p><strong>Marsi Korreshi: Z. Berisha, ju keni denoncuar paralajm\u00ebrimet q\u00eb vijn\u00eb nga Brukseli, edhe me nd\u00ebrprerje t\u00eb procesit t\u00eb negociatave p\u00ebr shkak t\u00eb mbrojtjes q\u00eb Edi Rama po i b\u00ebn Belinda Ballukut. N\u00ebse deri n\u00eb fund socialist\u00ebt do t\u00eb votojn\u00eb kund\u00ebr n\u00eb seanc\u00ebn plenare p\u00ebr heqjen e imunitetit t\u00eb Ballukut, \u00e7far\u00eb sinjalesh keni nga Brukseli, n\u00eb nj\u00eb koh\u00eb q\u00eb po p\u00ebrgatitet edhe p\u00ebr ndryshime ligjore p\u00ebr mbrojtjen nga pezullimi?<\/strong><\/p>\n<p><strong>Sali Berisha:<\/strong> Sinjalet jan\u00eb shum\u00eb t\u00eb qarta, BE, Komisioni Evropian, Parlamenti Evropian, vendet m\u00eb kryesore t\u00eb BE, kan\u00eb folur qart\u00eb para shqiptar\u00ebve. Asnj\u00eb penges\u00eb drejt\u00ebsis\u00eb, shkarkohet Lubi Balluku, t\u2019i hiqet imuniteti.<\/p>\n<p>N\u00eb m\u00ebngjesin e pun\u00ebs q\u00eb ka pasur me ambasador\u00ebt kryesor\u00eb t\u00eb BE n\u00eb Bruksel, n\u00eb nj\u00eb men\u00e7uri, nuk kan\u00eb preferuar ta l\u00ebn\u00eb t\u00eb flas\u00eb gjat\u00eb se kur e merr fjal\u00ebn ai, nuk ka llafazan m\u00eb t\u00eb m\u00ebrzitsh\u00ebm, nuk mund ta imagjinoni ju, ai nuk nd\u00ebrpritet.<\/p>\n<p>Ai ka vesin q\u00eb t\u00eb flas\u00eb pa mbarim, t\u00eb grij\u00eb sallat\u00eb pa mbarim dhe k\u00ebt\u00eb tani ia kan\u00eb marr\u00eb vesh t\u00eb gjith\u00eb dhe e kan\u00eb pritur me k\u00ebmb\u00eb t\u00eb para. Nuk je k\u00ebtu p\u00ebr t\u00eb na dh\u00ebn\u00eb shpjegime, t\u00eb kemi thirrur p\u00ebr t\u00eb shpjeguar nj\u00eb, dy, tre, p\u00ebrndryshe do kesh nj\u00eb raport shum\u00eb t\u00eb keq.<\/p>\n<p>Raporti i keq, si\u00e7 u rrodh, \u00ebsht\u00eb zhb\u00ebrja e procesit gjersa Edi Rama t\u00eb jet\u00eb n\u00eb pushtet.<\/p>\n<p>Po ky nuk ka interesa t\u00eb tjera, ky \u00ebsht\u00eb i gatsh\u00ebm t\u2019ia mbyll\u00eb Shqip\u00ebris\u00eb dyert e BE.<\/p>\n<p>Ky \u00ebsht\u00eb i dal\u00eb boje.<\/p>\n<p>Kudo q\u00eb shkon, ky shkon si nj\u00eb langaraq i pashoq.<\/p>\n<p>Imagjinoni ju, kur presidenti Donald Trump bombardoi bunker\u00ebt n\u00eb nj\u00eb operacion perfekt nuklear t\u00eb Teheranit, ju kujtohet se \u00e7far\u00eb tha, Evropa \u00ebsht\u00eb paqja, nuk merr mend nga SHBA. \u00cbsht\u00eb kultura e paqes, amerikan\u00ebt vijn\u00eb, hedhin ca bomba dhe ikin.<\/p>\n<p>Shkoi n\u00eb Bord, dhe aty mbajti nj\u00eb fjal\u00eb neveri si askush tjet\u00ebr.<\/p>\n<p>Pra, \u00ebsht\u00eb i damkosur si l\u00ebngaraqi i komunitetit nd\u00ebrkomb\u00ebtar.<\/p>\n","protected":false},"excerpt":{"rendered":"<p>Kryetari i PD, Sali Berisha i \u00ebsht\u00eb p\u00ebrgjigjur interesit t\u00eb gazetar\u00ebve p\u00ebr q\u00ebndrimin e Brukselit n\u00eb lidhje me negociatat pas mbrojtjes q\u00eb Rama po i b\u00ebn Ballukut. Marsi Korreshi: Z. Berisha, ju keni denoncuar paralajm\u00ebrimet q\u00eb vijn\u00eb nga Brukseli, edhe me nd\u00ebrprerje t\u00eb procesit t\u00eb negociatave p\u00ebr shkak t\u00eb mbrojtjes q\u00eb Edi Rama po i &hellip;<\/p>\n","protected":false},"author":4,"featured_media":136822,"comment_status":"closed","ping_status":"closed","sticky":false,"template":"","format":"standard","meta":{"footnotes":""},"categories":[37],"tags":[],"class_list":["post-136827","post","type-post","status-publish","format-standard","has-post-thumbnail","","category-politike"],"_links":{"self":[{"href":"https:\/\/rdnews.al\/index.php\/wp-json\/wp\/v2\/posts\/136827","targetHints":{"allow":["GET"]}}],"collection":[{"href":"https:\/\/rdnews.al\/index.php\/wp-json\/wp\/v2\/posts"}],"about":[{"href":"https:\/\/rdnews.al\/index.php\/wp-json\/wp\/v2\/types\/post"}],"author":[{"embeddable":true,"href":"https:\/\/rdnews.al\/index.php\/wp-json\/wp\/v2\/users\/4"}],"replies":[{"embeddable":true,"href":"https:\/\/rdnews.al\/index.php\/wp-json\/wp\/v2\/comments?post=136827"}],"version-history":[{"count":1,"href":"https:\/\/rdnews.al\/index.php\/wp-json\/wp\/v2\/posts\/136827\/revisions"}],"predecessor-version":[{"id":136828,"href":"https:\/\/rdnews.al\/index.php\/wp-json\/wp\/v2\/posts\/136827\/revisions\/136828"}],"wp:featuredmedia":[{"embeddable":true,"href":"https:\/\/rdnews.al\/index.php\/wp-json\/wp\/v2\/media\/136822"}],"wp:attachment":[{"href":"https:\/\/rdnews.al\/index.php\/wp-json\/wp\/v2\/media?parent=136827"}],"wp:term":[{"taxonomy":"category","embeddable":true,"href":"https:\/\/rdnews.al\/index.php\/wp-json\/wp\/v2\/categories?post=136827"},{"taxonomy":"post_tag","embeddable":true,"href":"https:\/\/rdnews.al\/index.php\/wp-json\/wp\/v2\/tags?post=136827"}],"curies":[{"name":"wp","href":"https:\/\/api.w.org\/{rel}","templated":true}]}}