{"id":136832,"date":"2026-02-24T13:33:57","date_gmt":"2026-02-24T13:33:57","guid":{"rendered":"https:\/\/rdnews.al\/?p=136832"},"modified":"2026-02-24T13:33:57","modified_gmt":"2026-02-24T13:33:57","slug":"masakra-ne-lumin-e-shkumbinit-dhe-shembja-e-rruges-malltezi-rama-balluku-dhe-kumbaro-pergjegjes","status":"publish","type":"post","link":"https:\/\/rdnews.al\/index.php\/2026\/02\/24\/masakra-ne-lumin-e-shkumbinit-dhe-shembja-e-rruges-malltezi-rama-balluku-dhe-kumbaro-pergjegjes\/","title":{"rendered":"Masakra n\u00eb lumin e Shkumbinit dhe shembja e rrug\u00ebs\/ Malltezi: Rama, Balluku dhe Kumbaro, p\u00ebrgjegj\u00ebs"},"content":{"rendered":"<p><strong>Jamarb\u00ebr MALLTEZI<\/strong><\/p>\n<p>Krimet mjedisore q\u00eb po ndodhin \u00e7do dit\u00eb kan\u00eb autor\u00eb, por jo p\u00ebrgjegj\u00ebs.<\/p>\n<p>Shkat\u00ebrrimi i Shkumbin-it, rrug\u00ebs dhe hekurudh\u00ebs komb\u00ebtare po ndodh me miratimin e atyre q\u00eb paguhen nga taksat tona p\u00ebr t\u2019i mbrojtur.<\/p>\n<p>Shkumbini, dikur nj\u00eb lum i mrekulluesh\u00ebm me ekosistem plot pem\u00eb, \u00ebsht\u00eb kthyer n\u00eb nj\u00eb mo\u00e7al me kantiere nd\u00ebrtimi p\u00ebrgjat\u00eb gjith\u00eb shtratit.<\/p>\n<p>N\u00eb vend q\u00eb t\u00eb mb\u00ebshteten zgjidhje p\u00ebrmes infrastruktur\u00ebs s\u00eb gjelb\u00ebr urbane, qeveria e bab\u00ebzitur e Edi Rama-s i ka shpallur luft\u00eb mjedisit dhe natyr\u00ebs.<\/p>\n<p>L\u00ebpir\u00ebsit e pushtetit po thon\u00eb q\u00eb ka leje mjedisore dhe kjo, sipas tyre, e b\u00ebn normale apo t\u00eb ligjshme. Pik\u00ebrisht pse kan\u00eb dh\u00ebn\u00eb LEJE mjedisore p\u00ebr t\u00eb kryer k\u00ebt\u00eb masak\u00ebr n\u00eb shtrat lumi, \u00ebsht\u00eb KRIM!<\/p>\n<p>Edi Rama, Belinda Balluku, Mirela Kumbaro dhe kumbareshat e saj duhet t\u00eb p\u00ebrgjigjen p\u00ebr krimin mjedisor t\u00eb parikuperuesh\u00ebm dhe d\u00ebmin e jasht\u00ebzakonsh\u00ebm infrastrukturor.<\/p>\n<p>Lejet e K\u00ebshilli Komb\u00ebtar i Ujit p\u00ebr marrjen e inerteve lumore n\u00eb shtrat t\u00eb Shkumbinit p\u00ebr kompanin\u00eb ANK, n\u00eb Dragostunj\u00eb, dhe n\u00eb Pap\u00ebr p\u00ebr Salillarin, jan\u00eb akte kriminale mjedisore, pasi shkat\u00ebrrojn\u00eb shtratet lumore mij\u00ebravje\u00e7are, shkat\u00ebrrojn\u00eb ekosistemin, d\u00ebmtojn\u00eb akuifer\u00ebt n\u00ebntok\u00ebsor\u00eb dhe mund t\u00eb rezultojn\u00eb \u2013 si\u00e7 rezultuan \u2013 n\u00eb deformim t\u00eb skarpateve breglumore dhe ndryshime tektonike dhe hidrodinamike t\u00eb shtratit t\u00eb lumit. G\u00ebrryerja e zhavorreve natyrore mij\u00ebravje\u00e7are \u00ebsht\u00eb si t\u00eb g\u00ebrryesh organet e brendshme dhe t\u00eb pretendosh se nuk do t\u00eb ket\u00eb pasoja.<\/p>\n<p>Por, n\u00eb nj\u00eb vend ku kryehajduti ka kapur drejt\u00ebsin\u00eb dhe nuk lejon asnj\u00eb procedim penal q\u00eb nuk ka qejf, k\u00ebto krime mjedisore me pasoja t\u00eb r\u00ebnda financiare dhe infrastrukturore, ndon\u00ebse kan\u00eb autor\u00eb, mbesin pa p\u00ebrgjegj\u00ebsi.<\/p>\n<p>Ndaj ka nevoj\u00eb t\u00eb protestojm\u00eb edhe p\u00ebr k\u00ebto krime, se qeveria nuk po vjedh ve\u00e7 demokrat\u00ebt, por gjith\u00eb shqiptar\u00ebt, pa dallime partiake. Madje po vjedh dhe shkat\u00ebrron mjedisin, gj\u00eb q\u00eb sjell pasoja afatgjata edhe te f\u00ebmij\u00ebt e t\u00eb gjith\u00ebve.<\/p>\n","protected":false},"excerpt":{"rendered":"<p>Jamarb\u00ebr MALLTEZI Krimet mjedisore q\u00eb po ndodhin \u00e7do dit\u00eb kan\u00eb autor\u00eb, por jo p\u00ebrgjegj\u00ebs. Shkat\u00ebrrimi i Shkumbin-it, rrug\u00ebs dhe hekurudh\u00ebs komb\u00ebtare po ndodh me miratimin e atyre q\u00eb paguhen nga taksat tona p\u00ebr t\u2019i mbrojtur. Shkumbini, dikur nj\u00eb lum i mrekulluesh\u00ebm me ekosistem plot pem\u00eb, \u00ebsht\u00eb kthyer n\u00eb nj\u00eb mo\u00e7al me kantiere nd\u00ebrtimi p\u00ebrgjat\u00eb gjith\u00eb &hellip;<\/p>\n","protected":false},"author":3,"featured_media":136833,"comment_status":"closed","ping_status":"closed","sticky":false,"template":"","format":"standard","meta":{"footnotes":""},"categories":[46],"tags":[],"class_list":["post-136832","post","type-post","status-publish","format-standard","has-post-thumbnail","","category-ekonomi"],"_links":{"self":[{"href":"https:\/\/rdnews.al\/index.php\/wp-json\/wp\/v2\/posts\/136832","targetHints":{"allow":["GET"]}}],"collection":[{"href":"https:\/\/rdnews.al\/index.php\/wp-json\/wp\/v2\/posts"}],"about":[{"href":"https:\/\/rdnews.al\/index.php\/wp-json\/wp\/v2\/types\/post"}],"author":[{"embeddable":true,"href":"https:\/\/rdnews.al\/index.php\/wp-json\/wp\/v2\/users\/3"}],"replies":[{"embeddable":true,"href":"https:\/\/rdnews.al\/index.php\/wp-json\/wp\/v2\/comments?post=136832"}],"version-history":[{"count":1,"href":"https:\/\/rdnews.al\/index.php\/wp-json\/wp\/v2\/posts\/136832\/revisions"}],"predecessor-version":[{"id":136834,"href":"https:\/\/rdnews.al\/index.php\/wp-json\/wp\/v2\/posts\/136832\/revisions\/136834"}],"wp:featuredmedia":[{"embeddable":true,"href":"https:\/\/rdnews.al\/index.php\/wp-json\/wp\/v2\/media\/136833"}],"wp:attachment":[{"href":"https:\/\/rdnews.al\/index.php\/wp-json\/wp\/v2\/media?parent=136832"}],"wp:term":[{"taxonomy":"category","embeddable":true,"href":"https:\/\/rdnews.al\/index.php\/wp-json\/wp\/v2\/categories?post=136832"},{"taxonomy":"post_tag","embeddable":true,"href":"https:\/\/rdnews.al\/index.php\/wp-json\/wp\/v2\/tags?post=136832"}],"curies":[{"name":"wp","href":"https:\/\/api.w.org\/{rel}","templated":true}]}}