{"id":136837,"date":"2026-02-24T17:26:49","date_gmt":"2026-02-24T17:26:49","guid":{"rendered":"https:\/\/rdnews.al\/?p=136837"},"modified":"2026-02-24T17:26:49","modified_gmt":"2026-02-24T17:26:49","slug":"apeli-i-gjkko-rrezon-kerkesen-veliaj-mbetet-ne-burg","status":"publish","type":"post","link":"https:\/\/rdnews.al\/index.php\/2026\/02\/24\/apeli-i-gjkko-rrezon-kerkesen-veliaj-mbetet-ne-burg\/","title":{"rendered":"Apeli i GJKKO rr\u00ebzon k\u00ebrkes\u00ebn, Veliaj mbetet n\u00eb burg!"},"content":{"rendered":"<div id=\"rekl-49\">Tiran\u00eb &#8211; Gjykata e Posa\u00e7me e Apelit p\u00ebr Korrupsion dhe Krim t\u00eb Organizuar refuzoi sot garancin\u00eb pasurore dhe la n\u00eb burg kryebashkiakun e Tiran\u00ebs, Erion Veliaj.<\/div>\n<div class=\"readmore-text-here\">\n<p>Sot n\u00eb Apelin e GJKKO-s\u00eb, gjyqtarja Nertina Kosova shqyrtoi k\u00ebrkesa e Veliajt p\u00ebr t\u00eb ndryshuar mas\u00ebn e siguris\u00eb, \u2018arrest me burg\u2019 n\u00eb t\u00eb cil\u00ebn ndodhet prej 10 shkurtit 2025.<\/p>\n<div id=\"rekl-50\">\u201cNga data 2 shkurt e deri tani nuk kishte asnj\u00eb prov\u00eb t\u00eb re\u2019 informoi avokatja e caktuar kryesisht e Erion Veliajt, Valentina Teodoresku.<\/div>\n<p>Kryebashkiaku i Tiran\u00ebs iu drejtua\u00a0me ankim Apelit kund\u00ebr vendimit t\u00eb Shkall\u00ebs s\u00eb Par\u00eb t\u00eb 1 shkurtit q\u00eb u dha nga gjyqtarja Etleva Deda p\u00ebr vijimin e arrestit n\u00eb burg ndaj tij.<\/p>\n<p>Veliaj k\u00ebrkoi mas\u00eb m\u00eb t\u00eb but\u00eb se arresti n\u00eb burg, duke ofruar garanci pasurore por as k\u00ebt\u00eb her\u00eb k\u00ebrkesa nuk iu pranua.<\/p>\n<p>K\u00ebrkesa e Veliajt erdhi menj\u00ebher\u00eb pasi Gjykata e Posa\u00e7me e Shkall\u00ebs s\u00eb Par\u00eb vendosi kalimin n\u00eb gjykim t\u00eb dosjes n\u00eb ngarkim t\u00eb tij.<\/p>\n<p>Sipas SPAK, Veliaj dhe bashk\u00ebshortja e tij kishin ngritur nj\u00eb skem\u00eb t\u00eb mir\u00eborganizuar p\u00ebr p\u00ebrfitimim e rryshfeteve n\u00eb k\u00ebmbim t\u00eb favoreve ndaj biznesmen\u00ebve p\u00ebr leje nd\u00ebrtimi.\u00a0Veliaj akuzohet p\u00ebr 5 vepra penale, p\u00ebrfshir\u00eb korrupsionin pasiv n\u00eb 9 episode, shp\u00ebrdorim detyre, mosdeklarim dhe fshehje pasurie, pastrim parash dhe futje e sendeve t\u00eb palejuara n\u00eb burg.<\/p>\n<p><img decoding=\"async\" src=\"https:\/\/www.syri.net\/uploads\/syri.net\/images\/2026\/February\/24\/auto_Screenshot_201771942893.jpg\" alt=\"Image\" \/><\/p>\n<\/div>\n","protected":false},"excerpt":{"rendered":"<p>Tiran\u00eb &#8211; Gjykata e Posa\u00e7me e Apelit p\u00ebr Korrupsion dhe Krim t\u00eb Organizuar refuzoi sot garancin\u00eb pasurore dhe la n\u00eb burg kryebashkiakun e Tiran\u00ebs, Erion Veliaj. Sot n\u00eb Apelin e GJKKO-s\u00eb, gjyqtarja Nertina Kosova shqyrtoi k\u00ebrkesa e Veliajt p\u00ebr t\u00eb ndryshuar mas\u00ebn e siguris\u00eb, \u2018arrest me burg\u2019 n\u00eb t\u00eb cil\u00ebn ndodhet prej 10 shkurtit 2025. &hellip;<\/p>\n","protected":false},"author":4,"featured_media":133431,"comment_status":"closed","ping_status":"closed","sticky":false,"template":"","format":"standard","meta":{"footnotes":""},"categories":[37],"tags":[],"class_list":["post-136837","post","type-post","status-publish","format-standard","has-post-thumbnail","","category-politike"],"_links":{"self":[{"href":"https:\/\/rdnews.al\/index.php\/wp-json\/wp\/v2\/posts\/136837","targetHints":{"allow":["GET"]}}],"collection":[{"href":"https:\/\/rdnews.al\/index.php\/wp-json\/wp\/v2\/posts"}],"about":[{"href":"https:\/\/rdnews.al\/index.php\/wp-json\/wp\/v2\/types\/post"}],"author":[{"embeddable":true,"href":"https:\/\/rdnews.al\/index.php\/wp-json\/wp\/v2\/users\/4"}],"replies":[{"embeddable":true,"href":"https:\/\/rdnews.al\/index.php\/wp-json\/wp\/v2\/comments?post=136837"}],"version-history":[{"count":1,"href":"https:\/\/rdnews.al\/index.php\/wp-json\/wp\/v2\/posts\/136837\/revisions"}],"predecessor-version":[{"id":136838,"href":"https:\/\/rdnews.al\/index.php\/wp-json\/wp\/v2\/posts\/136837\/revisions\/136838"}],"wp:featuredmedia":[{"embeddable":true,"href":"https:\/\/rdnews.al\/index.php\/wp-json\/wp\/v2\/media\/133431"}],"wp:attachment":[{"href":"https:\/\/rdnews.al\/index.php\/wp-json\/wp\/v2\/media?parent=136837"}],"wp:term":[{"taxonomy":"category","embeddable":true,"href":"https:\/\/rdnews.al\/index.php\/wp-json\/wp\/v2\/categories?post=136837"},{"taxonomy":"post_tag","embeddable":true,"href":"https:\/\/rdnews.al\/index.php\/wp-json\/wp\/v2\/tags?post=136837"}],"curies":[{"name":"wp","href":"https:\/\/api.w.org\/{rel}","templated":true}]}}