{"id":136874,"date":"2026-02-25T09:34:07","date_gmt":"2026-02-25T09:34:07","guid":{"rendered":"https:\/\/rdnews.al\/?p=136874"},"modified":"2026-02-25T09:34:07","modified_gmt":"2026-02-25T09:34:07","slug":"washington-examiner-shqiperia-nuk-e-meriton-anetaresimin-ne-be-me-edi-ramen-ne-krye","status":"publish","type":"post","link":"https:\/\/rdnews.al\/index.php\/2026\/02\/25\/washington-examiner-shqiperia-nuk-e-meriton-anetaresimin-ne-be-me-edi-ramen-ne-krye\/","title":{"rendered":"Washington Examiner: Shqip\u00ebria nuk e meriton an\u00ebtar\u00ebsimin n\u00eb BE me Edi Ram\u00ebn n\u00eb krye!"},"content":{"rendered":"<p><strong>Nga Michael Rubin \u2013\u00a0<a href=\"https:\/\/www.washingtonexaminer.com\/opinion\/beltway-confidential\/4467165\/albania-european-union-eu-membership-edi-rama\/\" target=\"_blank\" rel=\"noopener\">Washington Examiner<\/a><\/strong><\/p>\n<p>Shum\u00eb progresiv\u00eb dhe internacionalist\u00eb n\u00eb t\u00eb dyja an\u00ebt e Oqeanit Atlantik mb\u00ebshtesin zgjerimin e\u00a0Bashkimit Evropian. Rritja e an\u00ebtar\u00ebsis\u00eb nuk sjell gjithmon\u00eb paqe.\u00a0Kremlini\u00a0e justifikoi pushtimin e Gjeorgjis\u00eb nga Rusia n\u00eb vitin 2008, si dhe pushtimin e\u00a0Ukrain\u00ebs\u00a0nga Moska n\u00eb vitet 2014 dhe 2022 , n\u00eb paranoj\u00ebn e vet rreth p\u00ebrpjekjeve per\u00ebndimore p\u00ebr t\u00eb zgjeruar an\u00ebtar\u00ebsimin n\u00eb BE drejt lindjes.<\/p>\n<p>Logjika pas an\u00ebtar\u00ebsimit \u00ebsht\u00eb se BE-ja \u00ebsht\u00eb nj\u00eb klub ekskluziv, k\u00ebrkesat e t\u00eb cilit p\u00ebr an\u00ebtar\u00ebsim sjellin paqe dhe krijojn\u00eb siguri. Problemi \u00ebsht\u00eb se zyrtar\u00ebt evropian\u00eb shpesh i japin p\u00ebrpar\u00ebsi \u00ebndrrave t\u00eb d\u00ebshiruara mbi realitetin.<\/p>\n<p>Prandaj, Gjermania p\u00ebr nj\u00eb koh\u00eb t\u00eb gjat\u00eb mendonte se var\u00ebsia nga tubacioni Nord Stream 2 dhe gazi i saj rus ishte nj\u00eb ide e mir\u00eb, dhe Brukseli mendonte se Presidenti turk Rexhep Tajip Erdogan ishte nj\u00eb demokrat i ndri\u00e7uar q\u00eb kishte l\u00ebn\u00eb pas mb\u00ebshtetjen p\u00ebr islamizmin radikal. Tre dekada m\u00eb par\u00eb, zyrtar\u00ebt evropian\u00eb ia mor\u00ebn dosjen e Iranit Uashingtonit, duke argumentuar se \u201cdialogu kritik\u201d i ndri\u00e7uar i Evrop\u00ebs mund t\u00eb b\u00ebnte m\u00eb shum\u00eb p\u00ebr t\u00eb kufizuar ambiciet b\u00ebrthamore dhe shkeljet e t\u00eb drejtave t\u00eb njeriut t\u00eb Iranit sesa diplomacia kauboj n\u00eb stilin amerikan. Udh\u00ebheq\u00ebsit iranian\u00eb i trajtuan evropian\u00ebt si idiot\u00eb t\u00eb dobish\u00ebm q\u00eb supozonin sinqeritetin e thirrjeve p\u00ebr nj\u00eb dialog t\u00eb qytet\u00ebrimeve dhe dinin se mund t\u00eb ecnin p\u00ebrpara me programet e tyre t\u00eb fshehta b\u00ebrthamore dhe raketore.<\/p>\n<p>Asnj\u00eb nga k\u00ebto gabime nuk b\u00ebn t\u00eb drejt\u00eb, por Evropa refuzon t\u2019i njoh\u00eb ata q\u00eb pretendojn\u00eb t\u00eb jen\u00eb liberal\u00eb n\u00eb ndjekje t\u00eb pushtetit. Nd\u00ebrsa progresist\u00ebt shpesh kritikojn\u00eb udh\u00ebheqjen konservatore n\u00eb Hungari p\u00ebr tendenca joliberale dhe antidemokratike n\u00eb kund\u00ebrshtim me BE-n\u00eb, ata mbeten t\u00eb verb\u00ebr ndaj abuzimeve n\u00eb rritje midis an\u00ebtar\u00ebve aspirant\u00eb me prirje t\u00eb majta.<\/p>\n<div class=\"jnews_inline_related_post_wrapper left\">\n<div class=\"jnews_inline_related_post\">\n<div class=\"jeg_postblock_29 jeg_postblock jeg_module_hook jeg_pagination_disable jeg_col_2o3 jnews_module_1665225_1_699ebede67675   \" data-unique=\"jnews_module_1665225_1_699ebede67675\">\n<div class=\"jeg_block_heading jeg_block_heading_6 jeg_subcat_right\"><\/div>\n<\/div>\n<\/div>\n<\/div>\n<div class=\"jeg_ad jeg_ad_article jnews_content_inline_2_ads  \">\n<div class=\"ads-wrapper align-center \">\n<div class=\"ads_code\">Rasti m\u00eb i fundit \u00ebsht\u00eb<strong>\u00a0Edi Rama, kryeministri i Shqip\u00ebris\u00eb p\u00ebr kat\u00ebr mandate<\/strong>\u00a0nga Partia Socialiste. Dikur nj\u00eb vend pro-amerikan n\u00eb nj\u00eb trajektore p\u00ebr t\u00eb z\u00ebn\u00eb vendin e tij n\u00eb bot\u00eb si Singapori i Evrop\u00ebs, Rama ka zgjedhur n\u00eb vend t\u00eb k\u00ebsaj nj\u00eb\u00a0<strong>rrug\u00eb autokratike t\u00eb modeluar sipas Turqis\u00eb s\u00eb Erdoganit<\/strong>. Ai ka p\u00ebrdorur nj\u00eb forc\u00eb anti-korrupsion t\u00eb financuar nga Shtetet e Bashkuara dhe BE-ja p\u00ebr t\u00eb\u00a0<strong>burgosur kund\u00ebrshtar\u00ebt politik\u00eb, p\u00ebr t\u00eb p\u00ebrmbysur zgjedhjet dhe p\u00ebr t\u00eb konfiskuar pronat,<\/strong>\u00a0nd\u00ebrkoh\u00eb q\u00eb ai dhe miqt\u00eb e tij monopolizojn\u00eb si marr\u00ebveshjet e pasurive t\u00eb paluajtshme me t\u00eb gjith\u00eb, nga Alex Soros te Jared Kushner, ashtu edhe industrin\u00eb e re t\u00eb legalizuar t\u00eb marijuan\u00ebs n\u00eb Shqip\u00ebri.<\/div>\n<\/div>\n<\/div>\n<p>Freedom House e etiketon Shqip\u00ebrin\u00eb si \u201cpjes\u00ebrisht t\u00eb lir\u00eb\u201d, nj\u00eb renditje n\u00eb t\u00eb nj\u00ebjtin nivel me Hungarin\u00eb. Megjithat\u00eb, Transparency International, e cila rendit perceptimin e korrupsionit, tani e rendit Shqip\u00ebrin\u00eb m\u00eb posht\u00eb se Kuba pas nj\u00eb r\u00ebnieje n\u00eb renditje vitin e kaluar \u2013 v\u00ebshtir\u00eb se nj\u00eb cil\u00ebsi q\u00eb BE-ja duhet ta k\u00ebrkoj\u00eb te nj\u00eb an\u00ebtar.<\/p>\n<p>Antonio Costa, president i K\u00ebshillit Evropian, \u00ebsht\u00eb i verb\u00ebr ndaj r\u00ebnies s\u00eb Shqip\u00ebris\u00eb n\u00eb diktatur\u00eb dhe kleptokraci. Ai ka th\u00ebn\u00eb se Shqip\u00ebria \u201ci p\u00ebrket\u201d BE-s\u00eb. N\u00eb maj 2025, Costa tha se Shqip\u00ebria dhe Mali i Zi \u201cpo tregojn\u00eb rrug\u00ebn si pararend\u00ebs t\u00eb zgjerimit\u201d. Nj\u00eb serviliz\u00ebm i till\u00eb nuk i ndihmon shqiptar\u00ebt ose BE-n\u00eb, por i b\u00ebn pengesat m\u00eb t\u00eb v\u00ebshtira, nd\u00ebrsa Rama arrin n\u00eb p\u00ebrfundimin se mund ta dyfishoj\u00eb diktatur\u00ebn.<\/p>\n<p>Delegacioni i fundit i BE-s\u00eb n\u00eb Shqip\u00ebri erdhi nj\u00eb vit pasi Rama arrestoi Erion Veliajn, kryetarin e bashkis\u00eb s\u00eb kryeqytetit t\u00eb vendit, Tiran\u00ebs. Veliaj \u00ebsht\u00eb mbajtur n\u00eb \u201cparaburgim\u201d q\u00eb at\u00ebher\u00eb. Veliaj nuk \u00ebsht\u00eb i vetmi, pasi\u00a0<strong>58% e shqiptar\u00ebve t\u00eb burgosur teknikisht jan\u00eb n\u00eb paraburgim, pes\u00eb her\u00eb m\u00eb shum\u00eb se norma e BE-s\u00eb n\u00eb p\u00ebrgjith\u00ebsi.<\/strong>\u00a0K\u00ebshilli i Evrop\u00ebs raportoi s\u00eb fundmi se \u201cp\u00ebrdorimi i paraburgimit kund\u00ebr kryetar\u00ebve t\u00eb bashkive n\u00eb detyr\u00eb [n\u00eb Shqip\u00ebri]\u00a0<strong>p\u00ebrb\u00ebn nj\u00eb rrezik serioz p\u00ebr qeverisjen demokratike\u201d.<\/strong><\/p>\n<p>Veliaj nuk \u00ebsht\u00eb i vetmi politikan i profilit t\u00eb lart\u00eb q\u00eb Rama ka v\u00ebn\u00eb n\u00eb sh\u00ebnjest\u00ebr. Ai ka ekzagjeruar akuzat kund\u00ebr liderit t\u00eb opozit\u00ebs Sali Berish\u00eb, ish-z\u00ebvend\u00ebskryeministrit Arben Ahmetaj dhe ish-ministrit t\u00eb Mbrojtjes Fatmir Mediu.<\/p>\n<p>P\u00ebr nj\u00eb koh\u00eb shum\u00eb t\u00eb gjat\u00eb,<strong>\u00a0udh\u00ebheq\u00ebsit evropian\u00eb e kan\u00eb k\u00ebnaqur Ram\u00ebn.<\/strong>\u00a0Po k\u00ebshtu ka b\u00ebr\u00eb edhe Departamenti Amerikan i Shtetit, ku burokrat\u00ebt e karrier\u00ebs n\u00eb byron\u00eb e Evrop\u00ebs kan\u00eb ndjekur politikat e tyre egoiste n\u00eb d\u00ebm t\u00eb interesave m\u00eb t\u00eb gjera amerikane. Fatkeq\u00ebsia q\u00eb rezultoi u shfaq plot\u00ebsisht n\u00eb takimin e Bordit t\u00eb Paqes t\u00eb jav\u00ebs s\u00eb kaluar, ku Rama doli jasht\u00eb skenarit p\u00ebr t\u00eb mbajtur nj\u00eb diatrib\u00eb rreth gjyqit t\u00eb ish-Presidentit t\u00eb Kosov\u00ebs Hashim Tha\u00e7i n\u00eb Hag\u00eb \u2013 nj\u00eb tangjent i pasur duke pasur parasysh q\u00ebndrimin e Ram\u00ebs ndaj drejt\u00ebsis\u00eb s\u00eb pavarur.<\/p>\n<p>Nj\u00eb \u00e7erek shekulli m\u00eb par\u00eb, BE-ja dhe SHBA-ja injoruan r\u00ebnien e Turqis\u00eb n\u00eb diktatur\u00eb, duke e mbuluar korrupsionin n\u00eb rritje dhe sulmin ndaj demokracis\u00eb nga ana e Erdoganit. Sot, Evropa ka nj\u00eb sponsor t\u00eb terrorizmit n\u00eb kufirin e saj. Pyetja tani \u00ebsht\u00eb n\u00ebse\u00a0<strong>Brukseli do ta p\u00ebrs\u00ebris\u00eb gabimin e tij, duke p\u00ebrqafuar nj\u00eb udh\u00ebheq\u00ebs q\u00eb tregon p\u00ebrbuzje p\u00ebr gjith\u00e7ka q\u00eb BE-ja thot\u00eb se p\u00ebrfaq\u00ebson.<\/strong><\/p>\n","protected":false},"excerpt":{"rendered":"<p>Nga Michael Rubin \u2013\u00a0Washington Examiner Shum\u00eb progresiv\u00eb dhe internacionalist\u00eb n\u00eb t\u00eb dyja an\u00ebt e Oqeanit Atlantik mb\u00ebshtesin zgjerimin e\u00a0Bashkimit Evropian. Rritja e an\u00ebtar\u00ebsis\u00eb nuk sjell gjithmon\u00eb paqe.\u00a0Kremlini\u00a0e justifikoi pushtimin e Gjeorgjis\u00eb nga Rusia n\u00eb vitin 2008, si dhe pushtimin e\u00a0Ukrain\u00ebs\u00a0nga Moska n\u00eb vitet 2014 dhe 2022 , n\u00eb paranoj\u00ebn e vet rreth p\u00ebrpjekjeve per\u00ebndimore p\u00ebr &hellip;<\/p>\n","protected":false},"author":4,"featured_media":135372,"comment_status":"closed","ping_status":"closed","sticky":false,"template":"","format":"standard","meta":{"footnotes":""},"categories":[37],"tags":[],"class_list":["post-136874","post","type-post","status-publish","format-standard","has-post-thumbnail","","category-politike"],"_links":{"self":[{"href":"https:\/\/rdnews.al\/index.php\/wp-json\/wp\/v2\/posts\/136874","targetHints":{"allow":["GET"]}}],"collection":[{"href":"https:\/\/rdnews.al\/index.php\/wp-json\/wp\/v2\/posts"}],"about":[{"href":"https:\/\/rdnews.al\/index.php\/wp-json\/wp\/v2\/types\/post"}],"author":[{"embeddable":true,"href":"https:\/\/rdnews.al\/index.php\/wp-json\/wp\/v2\/users\/4"}],"replies":[{"embeddable":true,"href":"https:\/\/rdnews.al\/index.php\/wp-json\/wp\/v2\/comments?post=136874"}],"version-history":[{"count":1,"href":"https:\/\/rdnews.al\/index.php\/wp-json\/wp\/v2\/posts\/136874\/revisions"}],"predecessor-version":[{"id":136875,"href":"https:\/\/rdnews.al\/index.php\/wp-json\/wp\/v2\/posts\/136874\/revisions\/136875"}],"wp:featuredmedia":[{"embeddable":true,"href":"https:\/\/rdnews.al\/index.php\/wp-json\/wp\/v2\/media\/135372"}],"wp:attachment":[{"href":"https:\/\/rdnews.al\/index.php\/wp-json\/wp\/v2\/media?parent=136874"}],"wp:term":[{"taxonomy":"category","embeddable":true,"href":"https:\/\/rdnews.al\/index.php\/wp-json\/wp\/v2\/categories?post=136874"},{"taxonomy":"post_tag","embeddable":true,"href":"https:\/\/rdnews.al\/index.php\/wp-json\/wp\/v2\/tags?post=136874"}],"curies":[{"name":"wp","href":"https:\/\/api.w.org\/{rel}","templated":true}]}}