{"id":136883,"date":"2026-02-25T10:12:23","date_gmt":"2026-02-25T10:12:23","guid":{"rendered":"https:\/\/rdnews.al\/?p=136883"},"modified":"2026-02-25T10:12:23","modified_gmt":"2026-02-25T10:12:23","slug":"rruge-e-mbare-irena-me-3-mbiemra","status":"publish","type":"post","link":"https:\/\/rdnews.al\/index.php\/2026\/02\/25\/rruge-e-mbare-irena-me-3-mbiemra\/","title":{"rendered":"&#8220;Rrug\u00eb e mbar\u00eb&#8221;, Irena me 3 mbiemra&#8230;"},"content":{"rendered":"<p><strong>Nga Adriana KALAJA<\/strong><\/p>\n<p>Nd\u00ebrkoh\u00eb, kjo fjali n\u00eb p\u00ebrditshm\u00ebri, shoq\u00ebrohet edhe me togfjal\u00ebshin:<br \/>\n&#8211; Past\u00eb k\u00ebmb\u00ebn e mbar\u00eb.<br \/>\nDhe k\u00ebshtu do ndodh\u00eb patjet\u00ebr.<br \/>\nPse?<br \/>\nSepse, e drejta dhe e v\u00ebrteta gjithmon\u00eb e dhejn\u00eb rrug\u00ebn e fitores.<br \/>\nNdaj dhe, s\u00ebrish koha m\u00eb dha t\u00eb drejt\u00eb.<br \/>\nPrej koh\u00ebsh, ka nj\u00eb tentativ\u00eb t\u00eb madhe, me nd\u00ebrhyrje, ushtrim t\u00eb ndikimit t\u00eb paligjsh\u00ebm, presione apo shantazhe, p\u00ebr t\u00eb amnistuar fytyr\u00ebn m\u00eb t\u00eb p\u00ebrlyer t\u00eb Sistemit t\u00eb Drejt\u00ebsis\u00eb.<br \/>\nSigurisht, nga pushteti q\u00eb i sh\u00ebrbeu dhe vijon t&#8217;i sh\u00ebrbej\u00eb.<br \/>\nAq m\u00eb shum\u00eb kur kjo mbrojtje antiligjore dhe antikushtetuese b\u00ebhet nga institucionet e reja t\u00eb dala nga &#8220;Reforma n\u00eb Drejt\u00ebsi&#8221;, q\u00eb mir\u00ebpaguhen nga taksat tona.<br \/>\nGjithsesi, gjithmon\u00eb vjen dita&#8230;&#8230;.<br \/>\nShkresa e m\u00ebposhtme, e vendimit t\u00eb mar\u00eb nga Inspektori i Lart\u00eb i Drejt\u00ebsis\u00eb, p\u00ebr nisjen e hetimit disiplinor ndaj Iren\u00ebs me 3 mbiemra, megjith\u00ebse ka patur t\u00eb gjith\u00eb mafien e pushtetit n\u00eb krah, tregon se:<br \/>\n1. Sa e r\u00ebnd\u00eb \u00ebsht\u00eb situata juridike e k\u00ebsaj gjyqtareje me 3 mbiemra, e cila nuk duhet t\u00eb kishte mar\u00eb, q\u00eb n\u00eb fillim statusin e magjistratit.<br \/>\n2. Dosja n\u00eb ngarkim t\u00eb gjyqtares delinkuente, \u00ebsht\u00eb aq e r\u00ebnd\u00eb, sa edhe t\u00eb &#8220;vet\u00ebt&#8221;, nuk po gjejn\u00eb dot m\u00eb justifikime p\u00ebr t&#8217;a mbrojtur.<br \/>\n3. Sa t\u00eb drejt\u00eb kam patur n\u00eb t\u00eb gjith\u00eb akuzat dhe hapat ligjor\u00eb q\u00eb kam ndjekur lidhur me k\u00ebt\u00eb rast.<br \/>\nMbi t\u00eb gjitha, rasti i Iren\u00ebs me 3 mbiemra, tregoi dhe v\u00ebrtetoi at\u00eb \u00e7far\u00eb kam\/kemi deklaruar prej vitesh se:<br \/>\n1. Q\u00ebllimi i &#8220;Reform\u00ebs n\u00eb Drejt\u00ebsi&#8221;, nuk ishte reformimi i sistemit, por kapja e tij p\u00ebr t\u00eb sulmuar opozit\u00ebn dhe krer\u00ebt e saj.<br \/>\n2. Se kjo reforme, p\u00ebrce\u00e7 se rezultoi nj\u00eb d\u00ebshtim total, me kosto tep\u00ebr t\u00eb lart\u00eb, ka minuar aksesin dhe besimin e publikut te drejt\u00ebsia.<br \/>\nMe k\u00ebt\u00eb rast, dua T&#8217;Ju informoj se, vendimi i Inspektorit t\u00eb Lart\u00eb t\u00eb Drejt\u00ebsis\u00eb, ka vendosur q\u00eb t\u00eb administroj\u00eb n\u00eb funksion t\u00eb k\u00ebtij hetimi:<br \/>\n1. Dosjen e plot\u00eb nga Prokuroria e P\u00ebrgjithshme q\u00eb ka lidhje me vendimin e dat\u00ebs 19.01.2026, &#8220;P\u00ebr miratimin e rezultateve t\u00eb .<br \/>\n2. Informacione nga KLGJ, lidhur formular\u00ebt e &#8220;vet\u00ebdeklarimit&#8221; dhe &#8220;deklaratat e kontrollit t\u00eb figur\u00ebs, t\u00eb plot\u00ebsuara dhe t\u00eb dor\u00ebzuara nga gjyqtare me 3 mbiemra.<br \/>\n3. Informacione nga AKSIK, lidhur me pyet\u00ebsor\u00ebt e siguris\u00eb, t\u00eb dor\u00ebzuar n\u00eb m\u00ebnyr\u00eb periodike nga Irena me 3 mbiemra.<br \/>\n4. Informacion nga SPAK lidhur me procedimin ndaj k\u00ebsaj gjyqtareje.<br \/>\n5. Informacion nga KLGJ, p\u00ebrsa i p\u00ebrket dosjes personale e Iren\u00ebs me 3 mbiemra, ankesat ndaj saj gjyqtareje dhe sesi jan\u00eb ndjekur e adresuar ato nga KLGJ.<br \/>\nNd\u00ebrkoh\u00eb, ILD ka pushuar ankimimin e an\u00ebtarit t\u00eb KLGJ lidhur me k\u00ebt\u00eb gjyqtare, si t\u00eb pabazuar n\u00eb dispozita ligjore, fakt i denoncuar m\u00eb her\u00ebt nga un\u00eb.<br \/>\nN\u00eb k\u00ebto kushte, duke qen\u00eb se jemi p\u00ebrpara shkeljes n\u00eb m\u00ebnyr\u00eb t\u00eb p\u00ebrs\u00ebritur t\u00eb dispozitave ligjore si n\u00eb kuptim t\u00eb mosdeklarimit t\u00eb dy d\u00ebbimeve, ashtu dhe dy vendimeve penale, madje kjo n\u00eb m\u00ebnyr\u00eb vijuese (krim vazhdues), fakte t\u00eb pranuara nga vet\u00eb ILD, argumentoj se kjo shtetase nuk p\u00ebrmbush kriteret p\u00ebr t\u00eb qen\u00eb pjes\u00eb e sistemit t\u00eb drejt\u00ebsis\u00eb, aq m\u00eb pak e nj\u00eb gjykate aq t\u00eb r\u00ebnd\u00ebsishme si Gjykata e Posa\u00e7me p\u00ebr Korrupsionin dhe krimin e Organizuar.<br \/>\nP\u00ebr t\u00eb mos p\u00ebrmendur procedur\u00ebn e ndjekur p\u00ebr k\u00ebt\u00eb gjyqtare, unike n\u00eb fakt ku Komisioneri Publik, megjith\u00ebse kishte b\u00ebr\u00eb ankim n\u00eb shkall\u00ebn e dyt\u00eb t\u00eb vettingut (KPA) p\u00ebr shkeljet e r\u00ebnda nga kjo gjyqtare, \u201c\u00e7udit\u00ebrisht\u201d nj\u00eb dit\u00eb para dh\u00ebnies s\u00eb vendimit, u hoq dor\u00eb nga ankimi, duke ngritur dyshime t\u00eb arsyeshme dhe serioze lidhur me integritetin e k\u00ebsaj reforme, si\u00e7 n\u00eb fakt po e v\u00ebrteton dita dit\u00ebs.<br \/>\nN\u00eb pritje t\u00eb vendimarrjes s\u00eb ILD, nj\u00eb gj\u00eb Ju siguroj se:<br \/>\nDo i shkoj deri n\u00eb fund k\u00ebsaj beteje, pasi qytetar\u00ebt e Shqip\u00ebris\u00eb nuk e meritojn\u00eb t\u00eb drejtohen dhe gjykohen nga bandit\u00eb, mafioz\u00eb e kriminel\u00eb, megjith\u00ebse jan\u00eb sulur &#8220;vras\u00ebsit me pages\u00eb&#8221; t\u00eb Shtetit Ligjor t\u00eb s\u00eb Drejt\u00ebs, porositur nga kriminelja Irena me 3 mbiemra, p\u00ebr t\u00eb minimizuar k\u00ebt\u00eb krim t\u00eb r\u00ebnd\u00eb q\u00eb i \u00ebsht\u00eb b\u00ebr\u00eb Sistemit t\u00eb Drejt\u00ebsis\u00eb dhe vet\u00eb qytetar\u00ebve shqiptar\u00eb.<br \/>\nUn\u00eb kam dh\u00ebn\u00eb prova p\u00ebr k\u00ebt\u00eb.<br \/>\nShihemi s\u00eb shpejti&#8230;..<br \/>\nKush e ka rradh\u00ebn?<br \/>\nPS: E kam paralajm\u00ebruar q\u00eb t\u00eb mos harxhoj\u00eb energji e para p\u00ebr t\u00eb shantazhuar e k\u00ebrc\u00ebnuar mua, por t\u00eb gjej\u00eb nj\u00eb avokat t\u00eb mir\u00eb se \u00ebsht\u00eb i vetmi q\u00eb do t&#8217;i duhet n\u00eb vijim \ud83e\udd23<\/p>\n<p><img decoding=\"async\" src=\"https:\/\/scontent.ftia9-1.fna.fbcdn.net\/v\/t39.30808-6\/641724294_2271361233275518_6962505672709204511_n.jpg?stp=dst-jpg_p526x296_tt6&amp;_nc_cat=110&amp;ccb=1-7&amp;_nc_sid=13d280&amp;_nc_eui2=AeFpN4-A7FYxf1htMlg1Qt5YSQT6Mt-vya1JBPoy36_JrZC_Nv51PASqkdHeMeznZrVJLKHcDbEez0U5OzxTGRvX&amp;_nc_ohc=DGf_lL7BLPsQ7kNvwE_TsOo&amp;_nc_oc=Adk_rotMSG4eUXgVbXO5cvm1lnNVC1aiOXQmcyAH68mthK0IgzIAkaXCl7rWInP9Q4I&amp;_nc_zt=23&amp;_nc_ht=scontent.ftia9-1.fna&amp;_nc_gid=WNM47C8pPWIFCRuFvbcbWA&amp;oh=00_AfucWzXkQshJAiJoL2D1mRaPNB5huQZ7UkcQclqnbt_yvQ&amp;oe=69A4A281\" alt=\"Mund t\u00eb jet\u00eb nj\u00eb imazh i am\u00eb e bilet\u00ebs dhe teksti q\u00eb thot\u00eb &quot;ZYRA INSPEKTORIT LARTE DREJTESISE INSPEKTORI LARTE DREJT\u00caSISE Nr.255prot. Lenda: Tiran\u00eb, \u0e01\u0e32\u0e23\u0e34\u0e07\u0e43\u0e08 Njoftim vendimi ankuesit fillimin hetimit disiplinor me iniciative dhe nismen ZNJ. ADRIANA KALAJA Rruga &quot;Bedri Dedja Nr. 179 nderuar znj. Adriana Kalaja, Tirane informojm\u00eb. Inspektori Larte Drejt\u00ebsise regjistruar 1399 prot., date dyshime referim giyqtareve disiplinore. shqyrtimit fillestar ankeses ekzistojn\u00eb cilat magjistrates shkronja &quot;dh&quot; nenit prokuroreve Republiken Shgip\u00ebrise&quot;. ndryshuar, disiplinor niciative Gjoka, gjyqtare Gjykates Krimin Organizuar, bazuar nenin giyqtar\u00ebve prokuroreve \u0c02\u0c1f\u0c47 Republiken mbeshtetje 19 4, nenit 123. pika dhe ligjit 96\/2016 &quot;Per statusin giyqtar\u00ebve dhe prokuror\u00ebve Republiken Shqiperise&quot;, ndryshuar, bashkelidhur vendimi gieni nj\u1ec5 kopje vendiminper fillimin hetimit disiplinor. LART\u00ca&quot;\" \/><\/p>\n","protected":false},"excerpt":{"rendered":"<p>Nga Adriana KALAJA Nd\u00ebrkoh\u00eb, kjo fjali n\u00eb p\u00ebrditshm\u00ebri, shoq\u00ebrohet edhe me togfjal\u00ebshin: &#8211; Past\u00eb k\u00ebmb\u00ebn e mbar\u00eb. Dhe k\u00ebshtu do ndodh\u00eb patjet\u00ebr. Pse? Sepse, e drejta dhe e v\u00ebrteta gjithmon\u00eb e dhejn\u00eb rrug\u00ebn e fitores. Ndaj dhe, s\u00ebrish koha m\u00eb dha t\u00eb drejt\u00eb. Prej koh\u00ebsh, ka nj\u00eb tentativ\u00eb t\u00eb madhe, me nd\u00ebrhyrje, ushtrim t\u00eb ndikimit &hellip;<\/p>\n","protected":false},"author":4,"featured_media":134778,"comment_status":"closed","ping_status":"closed","sticky":false,"template":"","format":"standard","meta":{"footnotes":""},"categories":[37],"tags":[],"class_list":["post-136883","post","type-post","status-publish","format-standard","has-post-thumbnail","","category-politike"],"_links":{"self":[{"href":"https:\/\/rdnews.al\/index.php\/wp-json\/wp\/v2\/posts\/136883","targetHints":{"allow":["GET"]}}],"collection":[{"href":"https:\/\/rdnews.al\/index.php\/wp-json\/wp\/v2\/posts"}],"about":[{"href":"https:\/\/rdnews.al\/index.php\/wp-json\/wp\/v2\/types\/post"}],"author":[{"embeddable":true,"href":"https:\/\/rdnews.al\/index.php\/wp-json\/wp\/v2\/users\/4"}],"replies":[{"embeddable":true,"href":"https:\/\/rdnews.al\/index.php\/wp-json\/wp\/v2\/comments?post=136883"}],"version-history":[{"count":1,"href":"https:\/\/rdnews.al\/index.php\/wp-json\/wp\/v2\/posts\/136883\/revisions"}],"predecessor-version":[{"id":136884,"href":"https:\/\/rdnews.al\/index.php\/wp-json\/wp\/v2\/posts\/136883\/revisions\/136884"}],"wp:featuredmedia":[{"embeddable":true,"href":"https:\/\/rdnews.al\/index.php\/wp-json\/wp\/v2\/media\/134778"}],"wp:attachment":[{"href":"https:\/\/rdnews.al\/index.php\/wp-json\/wp\/v2\/media?parent=136883"}],"wp:term":[{"taxonomy":"category","embeddable":true,"href":"https:\/\/rdnews.al\/index.php\/wp-json\/wp\/v2\/categories?post=136883"},{"taxonomy":"post_tag","embeddable":true,"href":"https:\/\/rdnews.al\/index.php\/wp-json\/wp\/v2\/tags?post=136883"}],"curies":[{"name":"wp","href":"https:\/\/api.w.org\/{rel}","templated":true}]}}