{"id":136885,"date":"2026-02-25T11:02:36","date_gmt":"2026-02-25T11:02:36","guid":{"rendered":"https:\/\/rdnews.al\/?p=136885"},"modified":"2026-02-25T11:02:36","modified_gmt":"2026-02-25T11:02:36","slug":"ild-thote-se-ka-nisur-hetimin-disiplinor-per-gjyqtaren-irena-gjoka","status":"publish","type":"post","link":"https:\/\/rdnews.al\/index.php\/2026\/02\/25\/ild-thote-se-ka-nisur-hetimin-disiplinor-per-gjyqtaren-irena-gjoka\/","title":{"rendered":"ILD thot\u00eb se ka nisur hetimin disiplinor p\u00ebr gjyqtaren Irena Gjoka"},"content":{"rendered":"<p>Inspektori i Lart\u00eb i Drejt\u00ebsis\u00eb (ILD) ka nisur hetimin disiplinor p\u00ebr gjyqtaren Irena Gjoka.<\/p>\n<p>M\u00eb 20 shkurt, ILD ka njoftuar Adriana Kalan\u00eb se, pas shqyrtimit fillestar t\u00eb ankes\u00ebs, ka konkluduar se ekzistojn\u00eb dyshime t\u00eb arsyeshme q\u00eb magjistratja Irena Gjoka ka kryer veprime\/mosveprime, t\u00eb cilat p\u00ebrb\u00ebjn\u00eb shkelje disiplinore.<\/p>\n<p>P\u00ebr k\u00ebt\u00eb arsye, \u00ebsht\u00eb vendosur fillimi i hetimit disiplinor me iniciativ\u00eb dhe me nism\u00eb t\u00eb ankuesit ndaj magjistrates znj. Irena Gjoka, gjyqtare pran\u00eb Gjykat\u00ebs s\u00eb Posa\u00e7me t\u00eb Shkall\u00ebs s\u00eb Par\u00eb p\u00ebr Korrupsionin dhe Krimin e Organizuar, bazuar n\u00eb nenin 123, 124 t\u00eb ligjit nr. 96\/2016 \u201cP\u00ebr statusin e gjyqtar\u00ebve dhe prokuror\u00ebve n\u00eb Republik\u00ebn e Shqip\u00ebris\u00eb\u201d, t\u00eb ndryshuar.<\/p>\n<p><img loading=\"lazy\" decoding=\"async\" class=\"alignnone size-medium wp-image-1665320\" src=\"https:\/\/boldnews.al\/wp-content\/uploads\/2026\/02\/641498485_2271366529941655_6516190620687734777_n-640x853.jpg\" sizes=\"auto, (max-width: 640px) 100vw, 640px\" srcset=\"https:\/\/boldnews.al\/wp-content\/uploads\/2026\/02\/641498485_2271366529941655_6516190620687734777_n-640x853.jpg 640w, https:\/\/boldnews.al\/wp-content\/uploads\/2026\/02\/641498485_2271366529941655_6516190620687734777_n-1280x1707.jpg 1280w, https:\/\/boldnews.al\/wp-content\/uploads\/2026\/02\/641498485_2271366529941655_6516190620687734777_n-1024x1365.jpg 1024w, https:\/\/boldnews.al\/wp-content\/uploads\/2026\/02\/641498485_2271366529941655_6516190620687734777_n-1152x1536.jpg 1152w, https:\/\/boldnews.al\/wp-content\/uploads\/2026\/02\/641498485_2271366529941655_6516190620687734777_n-750x1000.jpg 750w, https:\/\/boldnews.al\/wp-content\/uploads\/2026\/02\/641498485_2271366529941655_6516190620687734777_n-1140x1520.jpg 1140w, https:\/\/boldnews.al\/wp-content\/uploads\/2026\/02\/641498485_2271366529941655_6516190620687734777_n.jpg 1536w\" alt=\"\" width=\"640\" height=\"853\" data-pin-no-hover=\"true\" \/><\/p>\n<p>Nga ana tjet\u00ebr, Prokuroria e Posa\u00e7me, SPAK, ka regjistruar procedim penal pas nj\u00eb kall\u00ebzimi t\u00eb depozituar nga Adriana Kalaja ndaj gjyqtares Irena Gjoka, p\u00ebr fshehjen nga formulari i vet\u00ebdeklarimit t\u00eb past\u00ebrtis\u00eb s\u00eb figur\u00ebs t\u00eb nj\u00eb d\u00ebnimi penal t\u00eb dh\u00ebn\u00eb nga drejt\u00ebsia greke p\u00ebr falsifikimin e nj\u00eb pasaporte dhe nj\u00eb vize n\u00eb mesin e viteve 2000. Sipas SPAK-ut, procedimi \u00ebsht\u00eb regjistruar p\u00ebr vepr\u00ebn penale t\u00eb parashikuar nga neni 190 i Kodit Penal, \u201cfalsifikimi i vulave, i stampave ose i formular\u00ebve\u201d, por ende nuk \u00ebsht\u00eb regjistruar ndonj\u00eb em\u00ebr si person n\u00ebn hetim.<\/p>\n<div class=\"jnews_inline_related_post_wrapper left\">\n<div class=\"jnews_inline_related_post\">\n<div class=\"jeg_postblock_29 jeg_postblock jeg_module_hook jeg_pagination_disable jeg_col_2o3 jnews_module_1665318_1_699ed2c642486   \" data-unique=\"jnews_module_1665318_1_699ed2c642486\">\n<div class=\"jeg_block_heading jeg_block_heading_6 jeg_subcat_right\"><\/div>\n<\/div>\n<\/div>\n<\/div>\n<div class=\"jeg_ad jeg_ad_article jnews_content_inline_2_ads  \">\n<div class=\"ads-wrapper align-center \">\n<div class=\"ads_code\">Gjyqtarja Gjoka e ka kaluar m\u00eb her\u00ebt procesin e vetingut, pasi KPK nuk gjeti probleme q\u00eb do t\u00eb \u00e7onin n\u00eb shkarkimin e saj. Komisioneri Publik fillimisht e ankimoi vendimin n\u00eb Kolegjin e Posa\u00e7\u00ebm t\u00eb Apelimit, por gjat\u00eb procesit u t\u00ebrhoq nga ankimi, prej nga mbeti n\u00eb fuqi vendimi i konfirmimit.<\/div>\n<\/div>\n<\/div>\n<p>Akuzat ndaj Gjok\u00ebs u b\u00ebn\u00eb publike pasi ajo firmosi masat e siguris\u00eb ndaj ish-kryeministrit Sali Berisha n\u00eb lidhje me dosjen \u201cPartizani\u201d. Berisha dhe mb\u00ebshtet\u00ebsit e tij e kan\u00eb akuzuar vazhdimisht Gjok\u00ebn, duke pretenduar se ajo \u00ebsht\u00eb n\u00eb konflikt interesi dhe se ka fshehur t\u00eb kaluar\u00ebn e saj, p\u00ebrfshi d\u00ebnimin penal n\u00eb Greqi.<\/p>\n","protected":false},"excerpt":{"rendered":"<p>Inspektori i Lart\u00eb i Drejt\u00ebsis\u00eb (ILD) ka nisur hetimin disiplinor p\u00ebr gjyqtaren Irena Gjoka. M\u00eb 20 shkurt, ILD ka njoftuar Adriana Kalan\u00eb se, pas shqyrtimit fillestar t\u00eb ankes\u00ebs, ka konkluduar se ekzistojn\u00eb dyshime t\u00eb arsyeshme q\u00eb magjistratja Irena Gjoka ka kryer veprime\/mosveprime, t\u00eb cilat p\u00ebrb\u00ebjn\u00eb shkelje disiplinore. P\u00ebr k\u00ebt\u00eb arsye, \u00ebsht\u00eb vendosur fillimi i hetimit &hellip;<\/p>\n","protected":false},"author":4,"featured_media":61715,"comment_status":"closed","ping_status":"closed","sticky":false,"template":"","format":"standard","meta":{"footnotes":""},"categories":[37],"tags":[],"class_list":["post-136885","post","type-post","status-publish","format-standard","has-post-thumbnail","","category-politike"],"_links":{"self":[{"href":"https:\/\/rdnews.al\/index.php\/wp-json\/wp\/v2\/posts\/136885","targetHints":{"allow":["GET"]}}],"collection":[{"href":"https:\/\/rdnews.al\/index.php\/wp-json\/wp\/v2\/posts"}],"about":[{"href":"https:\/\/rdnews.al\/index.php\/wp-json\/wp\/v2\/types\/post"}],"author":[{"embeddable":true,"href":"https:\/\/rdnews.al\/index.php\/wp-json\/wp\/v2\/users\/4"}],"replies":[{"embeddable":true,"href":"https:\/\/rdnews.al\/index.php\/wp-json\/wp\/v2\/comments?post=136885"}],"version-history":[{"count":1,"href":"https:\/\/rdnews.al\/index.php\/wp-json\/wp\/v2\/posts\/136885\/revisions"}],"predecessor-version":[{"id":136886,"href":"https:\/\/rdnews.al\/index.php\/wp-json\/wp\/v2\/posts\/136885\/revisions\/136886"}],"wp:featuredmedia":[{"embeddable":true,"href":"https:\/\/rdnews.al\/index.php\/wp-json\/wp\/v2\/media\/61715"}],"wp:attachment":[{"href":"https:\/\/rdnews.al\/index.php\/wp-json\/wp\/v2\/media?parent=136885"}],"wp:term":[{"taxonomy":"category","embeddable":true,"href":"https:\/\/rdnews.al\/index.php\/wp-json\/wp\/v2\/categories?post=136885"},{"taxonomy":"post_tag","embeddable":true,"href":"https:\/\/rdnews.al\/index.php\/wp-json\/wp\/v2\/tags?post=136885"}],"curies":[{"name":"wp","href":"https:\/\/api.w.org\/{rel}","templated":true}]}}