{"id":136893,"date":"2026-02-25T11:57:40","date_gmt":"2026-02-25T11:57:40","guid":{"rendered":"https:\/\/rdnews.al\/?p=136893"},"modified":"2026-02-25T11:57:55","modified_gmt":"2026-02-25T11:57:55","slug":"imuniteti-i-ballukut-berisha-ps-nuk-eshte-nje-parti-por-eshte-nje-organizate-kriminale","status":"publish","type":"post","link":"https:\/\/rdnews.al\/index.php\/2026\/02\/25\/imuniteti-i-ballukut-berisha-ps-nuk-eshte-nje-parti-por-eshte-nje-organizate-kriminale\/","title":{"rendered":"Imuniteti i Ballukut\/ Berisha: PS nuk \u00ebsht\u00eb nj\u00eb parti, por \u00ebsht\u00eb nj\u00eb organizat\u00eb kriminale!"},"content":{"rendered":"<p>Kryetari i PD, Sali Berisha, i pyetur n\u00ebse PS do t\u00eb votoj\u00eb kund\u00ebr heqjes s\u00eb imunitetit t\u00eb ministres, u shpreh se, kjo forc\u00eb politike ka bashk\u00ebfaj\u00ebsi n\u00eb aferat dhe vjedhjet q\u00eb, si\u00e7 pretendon opozita, kan\u00eb shoq\u00ebruar qeverisjen.<\/p>\n<p>Berisha tha se, PS nuk \u00ebsht\u00eb nj\u00eb parti, por \u00ebsht\u00eb nj\u00eb organizat\u00eb kriminale.<\/p>\n<p><strong>Osman Stafa: Z. Berisha, dit\u00ebn e nes\u00ebrme PS mbledh grupin parlamentar. A mendoni se PS do t\u00eb marr\u00eb vendim p\u00ebr t\u00eb mos votuar heqjen e imunitetit t\u00eb Belinda Ballukut, t\u00eb k\u00ebrkuar nga SPAK?<\/strong><\/p>\n<p><strong>Sali Berisha:<\/strong> Ajo \u00ebsht\u00eb nj\u00eb repart krimi Osman.<br \/>\nAjo parti ka faktuar shqiptar\u00ebve q\u00eb \u00ebsht\u00eb mater matrix e krimit n\u00eb Shqip\u00ebri. Nuk ka.<br \/>\nAjo parti ka krimin substanc\u00ebn, shpirtin, mendjen e vet.<br \/>\nSepse \u00ebsht\u00eb ajo parti q\u00eb ka sjell\u00eb k\u00ebt\u00eb situat\u00eb, \u00ebsht\u00eb ajo toleranc\u00eb, ajo bashk\u00ebfaj\u00ebsi q\u00eb kan\u00eb ata n\u00eb vjedhje dhe t\u00eb gjitha, dhe ajo parti nuk \u00ebsht\u00eb gj\u00eb tjet\u00ebr vet\u00ebm parti e krimit.<br \/>\nAty Sara Mile dhe Arkend Balla jan\u00eb lule \u00e7far\u00eb jan\u00eb ministrat dhe zyrtar\u00ebt e tjer\u00eb t\u00eb implikuar.<br \/>\nPrandaj, un\u00eb mendoj se mund ta p\u00ebrdorni fjal\u00ebn parti, por m\u00eb shum\u00eb se \u00e7do gj\u00eb tjet\u00ebr i shkon fjala organizat\u00eb kriminale.<\/p>\n","protected":false},"excerpt":{"rendered":"<p>Kryetari i PD, Sali Berisha, i pyetur n\u00ebse PS do t\u00eb votoj\u00eb kund\u00ebr heqjes s\u00eb imunitetit t\u00eb ministres, u shpreh se, kjo forc\u00eb politike ka bashk\u00ebfaj\u00ebsi n\u00eb aferat dhe vjedhjet q\u00eb, si\u00e7 pretendon opozita, kan\u00eb shoq\u00ebruar qeverisjen. Berisha tha se, PS nuk \u00ebsht\u00eb nj\u00eb parti, por \u00ebsht\u00eb nj\u00eb organizat\u00eb kriminale. Osman Stafa: Z. Berisha, dit\u00ebn &hellip;<\/p>\n","protected":false},"author":4,"featured_media":136894,"comment_status":"closed","ping_status":"closed","sticky":false,"template":"","format":"standard","meta":{"footnotes":""},"categories":[37],"tags":[],"class_list":["post-136893","post","type-post","status-publish","format-standard","has-post-thumbnail","","category-politike"],"_links":{"self":[{"href":"https:\/\/rdnews.al\/index.php\/wp-json\/wp\/v2\/posts\/136893","targetHints":{"allow":["GET"]}}],"collection":[{"href":"https:\/\/rdnews.al\/index.php\/wp-json\/wp\/v2\/posts"}],"about":[{"href":"https:\/\/rdnews.al\/index.php\/wp-json\/wp\/v2\/types\/post"}],"author":[{"embeddable":true,"href":"https:\/\/rdnews.al\/index.php\/wp-json\/wp\/v2\/users\/4"}],"replies":[{"embeddable":true,"href":"https:\/\/rdnews.al\/index.php\/wp-json\/wp\/v2\/comments?post=136893"}],"version-history":[{"count":2,"href":"https:\/\/rdnews.al\/index.php\/wp-json\/wp\/v2\/posts\/136893\/revisions"}],"predecessor-version":[{"id":136896,"href":"https:\/\/rdnews.al\/index.php\/wp-json\/wp\/v2\/posts\/136893\/revisions\/136896"}],"wp:featuredmedia":[{"embeddable":true,"href":"https:\/\/rdnews.al\/index.php\/wp-json\/wp\/v2\/media\/136894"}],"wp:attachment":[{"href":"https:\/\/rdnews.al\/index.php\/wp-json\/wp\/v2\/media?parent=136893"}],"wp:term":[{"taxonomy":"category","embeddable":true,"href":"https:\/\/rdnews.al\/index.php\/wp-json\/wp\/v2\/categories?post=136893"},{"taxonomy":"post_tag","embeddable":true,"href":"https:\/\/rdnews.al\/index.php\/wp-json\/wp\/v2\/tags?post=136893"}],"curies":[{"name":"wp","href":"https:\/\/api.w.org\/{rel}","templated":true}]}}