{"id":136900,"date":"2026-02-25T12:03:43","date_gmt":"2026-02-25T12:03:43","guid":{"rendered":"https:\/\/rdnews.al\/?p=136900"},"modified":"2026-02-25T12:03:58","modified_gmt":"2026-02-25T12:03:58","slug":"berisha-presim-mbeshtetje-te-re-nga-ppe-jam-i-shqetesuar-per-te-semuret-e-izoluar-pa-mjekim-ne-juglindje","status":"publish","type":"post","link":"https:\/\/rdnews.al\/index.php\/2026\/02\/25\/berisha-presim-mbeshtetje-te-re-nga-ppe-jam-i-shqetesuar-per-te-semuret-e-izoluar-pa-mjekim-ne-juglindje\/","title":{"rendered":"Presim mb\u00ebshtetje t\u00eb re nga PPE! Jam i shqet\u00ebsuar p\u00ebr t\u00eb s\u00ebmur\u00ebt e izoluar pa mjekim n\u00eb juglindje"},"content":{"rendered":"<p>Kreu i PD, Sali Berisha u shpreh se nga misioni i Partis\u00eb Popullore Europiane pret jo vet\u00ebm rekomandime, por edhe nj\u00eb mb\u00ebshtetje t\u00eb re politike p\u00ebr k\u00ebrkes\u00ebn e opozit\u00ebs p\u00ebr zgjedhje t\u00eb lira dhe funksionim t\u00eb shtetit ligjor. Ai deklaroi se misioni vjen n\u00eb nj\u00eb moment kritik, kur sipas tij, qeveria ka asgj\u00ebsuar sistemin e drejt\u00ebsis\u00eb sa i p\u00ebrket nd\u00ebshkimit t\u00eb zyrtar\u00ebve t\u00eb lart\u00eb.<\/p>\n<p>Berisha akuzoi drejtp\u00ebrdrejt kryeministrin Edi Rama p\u00ebr mbrojtje t\u00eb interesave personale dhe p\u00ebr d\u00ebshtim n\u00eb menaxhimin e investimeve publike, duke e lidhur situat\u00ebn me rrug\u00ebt e d\u00ebmtuara n\u00eb vend.<\/p>\n<p>&#8220;Nga ky mision i r\u00ebnd\u00ebsish\u00ebm presim nj\u00eb p\u00ebrpjekje t\u00eb re t\u00eb madhe.<br \/>\nNj\u00ebher\u00eb presim rekomandime, sepse k\u00ebta vijn\u00eb p\u00ebr t\u00eb na b\u00ebr\u00eb rekomandime, ne jemi an\u00ebtar\u00eb.<\/p>\n<p>Por ne presim nj\u00ebkoh\u00ebsisht edhe nj\u00eb mb\u00ebshtetje t\u00eb re p\u00ebr k\u00ebrkesat tona tashm\u00eb t\u00eb njohura q\u00eb Shqip\u00ebria t\u00eb ket\u00eb zgjedhje t\u00eb lira, q\u00eb shteti ligjor t\u00eb funksionoj\u00eb.<br \/>\nPra, k\u00ebto jan\u00eb pretendimet tona, pa hyr\u00eb n\u00eb detaje.<\/p>\n<p>Natyrisht, vijn\u00eb n\u00eb nj\u00eb koh\u00eb shum\u00eb kritike, kur Edi Rama faktikisht ose de facto asgj\u00ebsuar sistemin e drejt\u00ebsis\u00eb n\u00eb kuptimin e akuz\u00ebs p\u00ebr zyrtar\u00ebt e lart\u00eb, gj\u00eb q\u00eb \u00ebsht\u00eb themelore n\u00eb kuptimin e nd\u00ebshkimit t\u00eb zyrtar\u00ebve t\u00eb lart\u00eb q\u00eb vjedhin qytetar\u00ebt.<\/p>\n<p>Edi Rama po mbron veten e tij, po paraqitet sikur po mbron Lubin\u00eb, e fal\u00ebnderon q\u00eb pranoi refuzimin e dor\u00ebheqjes nga Rama, por ai ka faktuar me q\u00ebndrimet e tij t\u00eb gjith\u00eb shqiptar\u00ebve, u ka faktuar t\u00eb gjith\u00eb komunitetit nd\u00ebrkomb\u00ebtar se \u00ebsht\u00eb nj\u00eb hajdut i paskrupullt dhe se \u00ebsht\u00eb n\u00eb p\u00ebrp\u00eblitjet e fundit p\u00ebr t\u00eb mbrojtur vjedhjet, pla\u00e7kitjet q\u00eb ka b\u00ebr\u00eb.<\/p>\n<p>Nuk ka m\u00eb asgj\u00eb q\u00eb fsheh k\u00ebt\u00eb d\u00ebm t\u00eb tmerrsh\u00ebm q\u00eb ai i ka b\u00ebr\u00eb Shqip\u00ebris\u00eb n\u00eb k\u00ebto vite.<\/p>\n<p>Kjo q\u00eb shihni ju me t\u00eb gjitha rrug\u00ebt e nd\u00ebrtuara prej tyre t\u00eb \u00e7ara, t\u00eb shkat\u00ebrruara, \u00ebsht\u00eb d\u00ebshmi e d\u00ebshtimit t\u00eb plot\u00eb, total p\u00ebr shkak t\u00eb vjedhjes t\u00eb t\u00eb gjitha investimeve.<\/p>\n<p>Por meq\u00eb jam tek rrug\u00ebt, un\u00eb kam shqet\u00ebsimin m\u00eb t\u00eb madh p\u00ebr dhjet\u00ebra dhe qindra t\u00eb s\u00ebmur\u00eb t\u00eb zon\u00ebs juglindore, t\u00eb cil\u00ebt an\u00eb procedurat e mjekimit n\u00eb Tiran\u00eb se procedurat jan\u00eb t\u00eb centralizuara, dhe q\u00eb sot mbeten pa mjekim pasi Edi Rama p\u00ebr vete udh\u00ebton me dy helikopter\u00eb n\u00eb vend q\u00eb t\u00eb d\u00ebrgoj\u00eb helikopter\u00ebt, t\u00eb marr\u00eb \u00e7do t\u00eb s\u00ebmur\u00eb, t\u2019i shtroj\u00eb k\u00ebtu, t\u2019i mbaj\u00eb n\u00eb hotel p\u00ebr koh\u00ebn q\u00eb nuk funksionon rruga dhe t\u00eb garantoj\u00eb mjekimin e tij.<\/p>\n<p>Por ky nuk e ka nd\u00ebrmend t\u00eb b\u00ebj\u00eb nj\u00eb gj\u00eb t\u00eb till\u00eb dhe \u00ebsht\u00eb n\u00eb nj\u00ebfar\u00eb m\u00ebnyre nj\u00eb krim i r\u00ebnd\u00eb. Nuk jan\u00eb pak, jan\u00eb shum\u00eb t\u00eb s\u00ebmur\u00eb q\u00eb e kan\u00eb procedur\u00ebn e mjekimit t\u00eb s\u00ebmundjes s\u00eb tyre n\u00eb Tiran\u00eb. E kryejn\u00eb vet\u00ebm n\u00eb Tiran\u00eb.<\/p>\n","protected":false},"excerpt":{"rendered":"<p>Kreu i PD, Sali Berisha u shpreh se nga misioni i Partis\u00eb Popullore Europiane pret jo vet\u00ebm rekomandime, por edhe nj\u00eb mb\u00ebshtetje t\u00eb re politike p\u00ebr k\u00ebrkes\u00ebn e opozit\u00ebs p\u00ebr zgjedhje t\u00eb lira dhe funksionim t\u00eb shtetit ligjor. Ai deklaroi se misioni vjen n\u00eb nj\u00eb moment kritik, kur sipas tij, qeveria ka asgj\u00ebsuar sistemin e &hellip;<\/p>\n","protected":false},"author":4,"featured_media":136894,"comment_status":"closed","ping_status":"closed","sticky":false,"template":"","format":"standard","meta":{"footnotes":""},"categories":[37],"tags":[],"class_list":["post-136900","post","type-post","status-publish","format-standard","has-post-thumbnail","","category-politike"],"_links":{"self":[{"href":"https:\/\/rdnews.al\/index.php\/wp-json\/wp\/v2\/posts\/136900","targetHints":{"allow":["GET"]}}],"collection":[{"href":"https:\/\/rdnews.al\/index.php\/wp-json\/wp\/v2\/posts"}],"about":[{"href":"https:\/\/rdnews.al\/index.php\/wp-json\/wp\/v2\/types\/post"}],"author":[{"embeddable":true,"href":"https:\/\/rdnews.al\/index.php\/wp-json\/wp\/v2\/users\/4"}],"replies":[{"embeddable":true,"href":"https:\/\/rdnews.al\/index.php\/wp-json\/wp\/v2\/comments?post=136900"}],"version-history":[{"count":2,"href":"https:\/\/rdnews.al\/index.php\/wp-json\/wp\/v2\/posts\/136900\/revisions"}],"predecessor-version":[{"id":136902,"href":"https:\/\/rdnews.al\/index.php\/wp-json\/wp\/v2\/posts\/136900\/revisions\/136902"}],"wp:featuredmedia":[{"embeddable":true,"href":"https:\/\/rdnews.al\/index.php\/wp-json\/wp\/v2\/media\/136894"}],"wp:attachment":[{"href":"https:\/\/rdnews.al\/index.php\/wp-json\/wp\/v2\/media?parent=136900"}],"wp:term":[{"taxonomy":"category","embeddable":true,"href":"https:\/\/rdnews.al\/index.php\/wp-json\/wp\/v2\/categories?post=136900"},{"taxonomy":"post_tag","embeddable":true,"href":"https:\/\/rdnews.al\/index.php\/wp-json\/wp\/v2\/tags?post=136900"}],"curies":[{"name":"wp","href":"https:\/\/api.w.org\/{rel}","templated":true}]}}