{"id":136903,"date":"2026-02-25T12:06:01","date_gmt":"2026-02-25T12:06:01","guid":{"rendered":"https:\/\/rdnews.al\/?p=136903"},"modified":"2026-02-25T12:06:01","modified_gmt":"2026-02-25T12:06:01","slug":"berisha-protesta-e-28-shkurtit-do-jete-ndryshe-asgje-nuk-perjashtohet","status":"publish","type":"post","link":"https:\/\/rdnews.al\/index.php\/2026\/02\/25\/berisha-protesta-e-28-shkurtit-do-jete-ndryshe-asgje-nuk-perjashtohet\/","title":{"rendered":"Berisha: Protesta e 28 shkurtit do jet\u00eb ndryshe, asgj\u00eb nuk p\u00ebrjashtohet!"},"content":{"rendered":"<p>Kryetari i PD, Sali Berisha paralajm\u00ebroi se protesta e 28 shkurtit do t\u00eb zhvillohet n\u00eb m\u00ebnyr\u00eb t\u00eb ndryshme nga format e zakonshme, duke mos p\u00ebrjashtuar asnj\u00eb opsion.<\/p>\n<p>Ai deklaroi se opozita po eksploron forma t\u00eb reja dhe kreative protestash, duke p\u00ebrfshir\u00eb edhe bllokimin e rrug\u00ebve, nd\u00ebrsa theksoi se t\u00eb gjitha opsionet jan\u00eb n\u00eb konsiderat\u00eb dhe se q\u00ebllimi mbetet vet\u00ebm protest\u00eb qytetare.<\/p>\n<p><strong>Osman Stafa: U dakord\u00ebsua p\u00ebr llojin e protest\u00ebs, me dat\u00ebn 28 shkurt?<\/strong><\/p>\n<p><strong>Sali Berisha:<\/strong> Po dakord\u00ebsohemi. Ndryshe do jet\u00eb.<\/p>\n<p>Ne tani kalojm\u00eb n\u00eb forma t\u00eb ndryshme protestash, i diversifikojm\u00eb, kemi kreativitet. Do eksplorohen forma t\u00eb reja.<\/p>\n<p>Nj\u00eb nga format? Bllokimi i rrug\u00ebve?<\/p>\n<p>Sali Berisha: T\u00eb gjitha format jan\u00eb n\u00eb konsiderat\u00eb dhe kjo \u00ebsht\u00eb vet\u00ebm protest\u00eb. Ne kemi vet\u00ebm protest\u00eb. Asgj\u00eb nuk p\u00ebrjashtohet. T\u00eb jemi realist\u00eb.<\/p>\n<p>Opsionet jan\u00eb t\u00eb gjitha.<\/p>\n","protected":false},"excerpt":{"rendered":"<p>Kryetari i PD, Sali Berisha paralajm\u00ebroi se protesta e 28 shkurtit do t\u00eb zhvillohet n\u00eb m\u00ebnyr\u00eb t\u00eb ndryshme nga format e zakonshme, duke mos p\u00ebrjashtuar asnj\u00eb opsion. Ai deklaroi se opozita po eksploron forma t\u00eb reja dhe kreative protestash, duke p\u00ebrfshir\u00eb edhe bllokimin e rrug\u00ebve, nd\u00ebrsa theksoi se t\u00eb gjitha opsionet jan\u00eb n\u00eb konsiderat\u00eb dhe &hellip;<\/p>\n","protected":false},"author":4,"featured_media":136566,"comment_status":"closed","ping_status":"closed","sticky":false,"template":"","format":"standard","meta":{"footnotes":""},"categories":[37],"tags":[],"class_list":["post-136903","post","type-post","status-publish","format-standard","has-post-thumbnail","","category-politike"],"_links":{"self":[{"href":"https:\/\/rdnews.al\/index.php\/wp-json\/wp\/v2\/posts\/136903","targetHints":{"allow":["GET"]}}],"collection":[{"href":"https:\/\/rdnews.al\/index.php\/wp-json\/wp\/v2\/posts"}],"about":[{"href":"https:\/\/rdnews.al\/index.php\/wp-json\/wp\/v2\/types\/post"}],"author":[{"embeddable":true,"href":"https:\/\/rdnews.al\/index.php\/wp-json\/wp\/v2\/users\/4"}],"replies":[{"embeddable":true,"href":"https:\/\/rdnews.al\/index.php\/wp-json\/wp\/v2\/comments?post=136903"}],"version-history":[{"count":1,"href":"https:\/\/rdnews.al\/index.php\/wp-json\/wp\/v2\/posts\/136903\/revisions"}],"predecessor-version":[{"id":136904,"href":"https:\/\/rdnews.al\/index.php\/wp-json\/wp\/v2\/posts\/136903\/revisions\/136904"}],"wp:featuredmedia":[{"embeddable":true,"href":"https:\/\/rdnews.al\/index.php\/wp-json\/wp\/v2\/media\/136566"}],"wp:attachment":[{"href":"https:\/\/rdnews.al\/index.php\/wp-json\/wp\/v2\/media?parent=136903"}],"wp:term":[{"taxonomy":"category","embeddable":true,"href":"https:\/\/rdnews.al\/index.php\/wp-json\/wp\/v2\/categories?post=136903"},{"taxonomy":"post_tag","embeddable":true,"href":"https:\/\/rdnews.al\/index.php\/wp-json\/wp\/v2\/tags?post=136903"}],"curies":[{"name":"wp","href":"https:\/\/api.w.org\/{rel}","templated":true}]}}