{"id":136935,"date":"2026-02-25T19:04:50","date_gmt":"2026-02-25T19:04:50","guid":{"rendered":"https:\/\/rdnews.al\/?p=136935"},"modified":"2026-02-25T19:04:50","modified_gmt":"2026-02-25T19:04:50","slug":"bardhi-rames-nga-portugalia-meso-si-jep-doreheqjen-kryeministri-dhe-ministrat-kur-jane-nen-hetim","status":"publish","type":"post","link":"https:\/\/rdnews.al\/index.php\/2026\/02\/25\/bardhi-rames-nga-portugalia-meso-si-jep-doreheqjen-kryeministri-dhe-ministrat-kur-jane-nen-hetim\/","title":{"rendered":"Bardhi-Ram\u00ebs: Nga Portugalia m\u00ebso si jep dor\u00ebheqjen kryeministri dhe ministrat kur jan\u00eb n\u00ebn hetim&#8230;"},"content":{"rendered":"<p>Kreu i grupit parlamentar t\u00eb PD, Gazment Bardhi ka reaguar pas deklarat\u00ebs s\u00eb b\u00ebr\u00eb nga Kryeministri Edi Rama lidhur me situat\u00ebn e rrug\u00ebve n\u00eb Shqip\u00ebri duke e krahasuar me Portugalin\u00eb<\/p>\n<p>Bardhi shkruan se, n\u00eb Shqip\u00ebri nuk po i shemb rrug\u00ebt shiu, por korrupsionit. Ai i kujton Ram\u00ebs se, n\u00eb Portugali situata me rrug\u00ebt \u00ebsht\u00eb si pasoj\u00eb e nj\u00eb cikloni me 200 km\/h, mir\u00ebpo n\u00eb Shqip\u00ebri, arsyeja e vetme q\u00eb po shemb rrug\u00ebt, \u00ebsht\u00eb TORNADO E KORRUPSIONIT.<\/p>\n<p><strong>Reagimi<\/strong><\/p>\n<p>Rrug\u00ebt n\u00eb Shqip\u00ebri nuk po i shemb shiu. Po i shemb korrupsioni. P\u00ebrpjekja e Edi Ram\u00ebs p\u00ebr t\u2019u fshehur pas reshjeve sezonale \u00ebsht\u00eb fyese p\u00ebr shqiptar\u00ebt.<\/p>\n<p>N\u00eb Portugali pati ciklon 200 km\/or\u00eb. Tek ne ka tornado korrupsioni: vet\u00ebm n\u00eb 11 tendera n\u00ebn hetim nga SPAK, jan\u00eb 1.1 miliard\u00eb euro, t\u00eb hedhura n\u00eb rrug\u00eb.<\/p>\n<p>Pamjet nuk kan\u00eb nevoj\u00eb p\u00ebr koment.<\/p>\n<p>P.S. Nj\u00eb k\u00ebshill\u00eb falas per Edi Ram\u00ebn: nga Portugalia m\u00ebso si jep dor\u00ebheqjen kryeministri dhe ministrat kur jan\u00eb n\u00ebn hetim. Antonio Kosta \u00ebsht\u00eb vet\u00ebm nj\u00eb telefonat\u00eb larg!<\/p>\n<div class=\"readmore-text-here\">\n<p><iframe loading=\"lazy\" src=\"https:\/\/www.facebook.com\/plugins\/video.php?height=476&amp;href=https%3A%2F%2Fwww.facebook.com%2Freel%2F1824882041535933%2F&amp;show_text=false&amp;width=265&amp;t=0\" width=\"265\" height=\"476\" frameborder=\"0\" scrolling=\"no\" allowfullscreen=\"allowfullscreen\" data-mce-fragment=\"1\"><\/iframe><\/p>\n<\/div>\n<div id=\"rekl-45\"><\/div>\n<div id=\"rekl-16\"><\/div>\n<div id=\"rekl-33\"><\/div>\n","protected":false},"excerpt":{"rendered":"<p>Kreu i grupit parlamentar t\u00eb PD, Gazment Bardhi ka reaguar pas deklarat\u00ebs s\u00eb b\u00ebr\u00eb nga Kryeministri Edi Rama lidhur me situat\u00ebn e rrug\u00ebve n\u00eb Shqip\u00ebri duke e krahasuar me Portugalin\u00eb Bardhi shkruan se, n\u00eb Shqip\u00ebri nuk po i shemb rrug\u00ebt shiu, por korrupsionit. Ai i kujton Ram\u00ebs se, n\u00eb Portugali situata me rrug\u00ebt \u00ebsht\u00eb si &hellip;<\/p>\n","protected":false},"author":4,"featured_media":136936,"comment_status":"closed","ping_status":"closed","sticky":false,"template":"","format":"standard","meta":{"footnotes":""},"categories":[37],"tags":[],"class_list":["post-136935","post","type-post","status-publish","format-standard","has-post-thumbnail","","category-politike"],"_links":{"self":[{"href":"https:\/\/rdnews.al\/index.php\/wp-json\/wp\/v2\/posts\/136935","targetHints":{"allow":["GET"]}}],"collection":[{"href":"https:\/\/rdnews.al\/index.php\/wp-json\/wp\/v2\/posts"}],"about":[{"href":"https:\/\/rdnews.al\/index.php\/wp-json\/wp\/v2\/types\/post"}],"author":[{"embeddable":true,"href":"https:\/\/rdnews.al\/index.php\/wp-json\/wp\/v2\/users\/4"}],"replies":[{"embeddable":true,"href":"https:\/\/rdnews.al\/index.php\/wp-json\/wp\/v2\/comments?post=136935"}],"version-history":[{"count":1,"href":"https:\/\/rdnews.al\/index.php\/wp-json\/wp\/v2\/posts\/136935\/revisions"}],"predecessor-version":[{"id":136937,"href":"https:\/\/rdnews.al\/index.php\/wp-json\/wp\/v2\/posts\/136935\/revisions\/136937"}],"wp:featuredmedia":[{"embeddable":true,"href":"https:\/\/rdnews.al\/index.php\/wp-json\/wp\/v2\/media\/136936"}],"wp:attachment":[{"href":"https:\/\/rdnews.al\/index.php\/wp-json\/wp\/v2\/media?parent=136935"}],"wp:term":[{"taxonomy":"category","embeddable":true,"href":"https:\/\/rdnews.al\/index.php\/wp-json\/wp\/v2\/categories?post=136935"},{"taxonomy":"post_tag","embeddable":true,"href":"https:\/\/rdnews.al\/index.php\/wp-json\/wp\/v2\/tags?post=136935"}],"curies":[{"name":"wp","href":"https:\/\/api.w.org\/{rel}","templated":true}]}}