{"id":137032,"date":"2026-02-27T10:54:22","date_gmt":"2026-02-27T10:54:22","guid":{"rendered":"https:\/\/rdnews.al\/?p=137032"},"modified":"2026-02-27T10:54:22","modified_gmt":"2026-02-27T10:54:22","slug":"bardhi-edi-rama-eshte-peng-po-zbaton-urdherat-e-ballukut","status":"publish","type":"post","link":"https:\/\/rdnews.al\/index.php\/2026\/02\/27\/bardhi-edi-rama-eshte-peng-po-zbaton-urdherat-e-ballukut\/","title":{"rendered":"Bardhi: Edi Rama \u00ebsht\u00eb peng, po zbaton urdh\u00ebrat e Ballukut!"},"content":{"rendered":"<p>Kryetari i Grupit Parlamentar t\u00eb Partis\u00eb Demokratike, Gazment Bardhi, ka reaguar sot n\u00eb lidhje me ndryshimet e fundit n\u00eb qeveri, duke theksuar se integrimi i Shqip\u00ebris\u00eb n\u00eb Bashkimin Europian nuk mund t\u00eb lidhet me emra apo interesa personale.<\/p>\n<div class=\"jeg_ad jeg_ad_article jnews_content_inline_ads  \">\n<div class=\"ads-wrapper align-center \">\n<div class=\"ads_code\">\u201cNj\u00eb jav\u00eb m\u00eb par\u00eb paralajm\u00ebruam n\u00eb Parlament largimin e Vengut dhe Spiropalit! Nuk b\u00ebjm\u00eb fall apo shohim filxhan, por ata q\u00eb rrethojn\u00eb Ram\u00ebn flasin vet\u00eb p\u00ebr ndryshime\u201d, tha Bardhi, duke shtuar se faktet tregojn\u00eb qart\u00eb se kryeministri aktual nuk po vepron si i pavarur.<\/div>\n<\/div>\n<\/div>\n<p>Sipas tij, em\u00ebrimi i rrethit t\u00eb ngusht\u00eb t\u00eb Belinda Ballukut n\u00eb postet e r\u00ebnd\u00ebsishme qeveritare tregon se Edi Rama \u00ebsht\u00eb i penguar dhe po zbaton urdh\u00ebrat e Ballukut, duke mos ushtruar detyr\u00ebn e kryeministrit me liri.<\/p>\n<p><iframe loading=\"lazy\" src=\"https:\/\/www.facebook.com\/plugins\/video.php?height=476&amp;href=https%3A%2F%2Fwww.facebook.com%2Freel%2F25873532785660639%2F&amp;show_text=false&amp;width=375&amp;t=0\" width=\"375\" height=\"476\" frameborder=\"0\" scrolling=\"no\" allowfullscreen=\"allowfullscreen\" data-mce-fragment=\"1\"><\/iframe><\/p>\n","protected":false},"excerpt":{"rendered":"<p>Kryetari i Grupit Parlamentar t\u00eb Partis\u00eb Demokratike, Gazment Bardhi, ka reaguar sot n\u00eb lidhje me ndryshimet e fundit n\u00eb qeveri, duke theksuar se integrimi i Shqip\u00ebris\u00eb n\u00eb Bashkimin Europian nuk mund t\u00eb lidhet me emra apo interesa personale. \u201cNj\u00eb jav\u00eb m\u00eb par\u00eb paralajm\u00ebruam n\u00eb Parlament largimin e Vengut dhe Spiropalit! Nuk b\u00ebjm\u00eb fall apo shohim &hellip;<\/p>\n","protected":false},"author":4,"featured_media":129762,"comment_status":"closed","ping_status":"closed","sticky":false,"template":"","format":"standard","meta":{"footnotes":""},"categories":[37],"tags":[],"class_list":["post-137032","post","type-post","status-publish","format-standard","has-post-thumbnail","","category-politike"],"_links":{"self":[{"href":"https:\/\/rdnews.al\/index.php\/wp-json\/wp\/v2\/posts\/137032","targetHints":{"allow":["GET"]}}],"collection":[{"href":"https:\/\/rdnews.al\/index.php\/wp-json\/wp\/v2\/posts"}],"about":[{"href":"https:\/\/rdnews.al\/index.php\/wp-json\/wp\/v2\/types\/post"}],"author":[{"embeddable":true,"href":"https:\/\/rdnews.al\/index.php\/wp-json\/wp\/v2\/users\/4"}],"replies":[{"embeddable":true,"href":"https:\/\/rdnews.al\/index.php\/wp-json\/wp\/v2\/comments?post=137032"}],"version-history":[{"count":1,"href":"https:\/\/rdnews.al\/index.php\/wp-json\/wp\/v2\/posts\/137032\/revisions"}],"predecessor-version":[{"id":137033,"href":"https:\/\/rdnews.al\/index.php\/wp-json\/wp\/v2\/posts\/137032\/revisions\/137033"}],"wp:featuredmedia":[{"embeddable":true,"href":"https:\/\/rdnews.al\/index.php\/wp-json\/wp\/v2\/media\/129762"}],"wp:attachment":[{"href":"https:\/\/rdnews.al\/index.php\/wp-json\/wp\/v2\/media?parent=137032"}],"wp:term":[{"taxonomy":"category","embeddable":true,"href":"https:\/\/rdnews.al\/index.php\/wp-json\/wp\/v2\/categories?post=137032"},{"taxonomy":"post_tag","embeddable":true,"href":"https:\/\/rdnews.al\/index.php\/wp-json\/wp\/v2\/tags?post=137032"}],"curies":[{"name":"wp","href":"https:\/\/api.w.org\/{rel}","templated":true}]}}