{"id":137075,"date":"2026-02-28T10:04:06","date_gmt":"2026-02-28T10:04:06","guid":{"rendered":"https:\/\/rdnews.al\/?p=137075"},"modified":"2026-02-28T10:04:06","modified_gmt":"2026-02-28T10:04:06","slug":"gazetari-gjerman-cfare-pritet-te-beje-rama-vucic","status":"publish","type":"post","link":"https:\/\/rdnews.al\/index.php\/2026\/02\/28\/gazetari-gjerman-cfare-pritet-te-beje-rama-vucic\/","title":{"rendered":"Gazetari gjerman: \u00c7far\u00eb pritet t\u00eb b\u00ebj\u00eb Rama-Vu\u00e7i\u00e7?"},"content":{"rendered":"<p>Gazetari gjerman, Michael Martens, ka paralajm\u00ebruar nj\u00eb zhvillim t\u00eb ri politik mes Edi Ram\u00ebs dhe Aleksand\u00ebr Vu\u00e7i\u00e7.<\/p>\n<div class=\"jeg_ad jeg_ad_article jnews_content_inline_ads  \">\n<div class=\"ads-wrapper align-center \">\n<div class=\"ads_code\">N\u00eb nj\u00eb postim n\u00eb rrjetin social \u201cX\u201d, gazetari shkruan se Rama dhe presidenti i Serbis\u00eb, pritet t\u00eb dalin me nj\u00eb iniciativ\u00eb t\u00eb p\u00ebrbashk\u00ebt n\u00eb lidhje me procesin e zgjerimit t\u00eb Bashkimit Evropian.<\/div>\n<\/div>\n<\/div>\n<p>Martens thekson se kjo nism\u00eb pritet t\u00eb ngjall\u00eb interes dhe debat t\u00eb gjer\u00eb, ndon\u00ebse jo t\u00eb gjith\u00eb do ta mb\u00ebshtesin.<\/p>\n<p>Sipas tij detaje t\u00eb plota mbi k\u00ebt\u00eb iniciativ\u00eb do t\u00eb publikohen s\u00eb shpejti n\u00eb gazet\u00ebn gjermane, Frankfurter Allgemeine Zeitung.<\/p>\n<p><em>\u201cNj\u00eb iniciativ\u00eb e p\u00ebrbashk\u00ebt nga kryeministri i Shqip\u00ebris\u00eb Edi Rama dhe presidenti serb Aleksandar Vu\u00e7i\u00e7 mbi zgjerimin e BE-s\u00eb. Ky veprim ka t\u00eb ngjar\u00eb t\u00eb t\u00ebrheq\u00eb mjaft v\u00ebmendje, edhe pse shum\u00eb nuk do t\u00eb jen\u00eb dakord\u201d,\u00a0<\/em>shkruan Martens n\u00eb postimin e tij n\u00eb \u201cX\u201d.<\/p>\n<div class=\"jeg_ad jeg_ad_article jnews_content_inline_2_ads  \">\n<div class=\"ads-wrapper align-center \">\n<div class=\"ads_code\"><\/div>\n<\/div>\n<\/div>\n<div class=\"twitter-tweet twitter-tweet-rendered\"><iframe id=\"twitter-widget-0\" class=\"\" title=\"X Post\" src=\"https:\/\/platform.twitter.com\/embed\/Tweet.html?creatorScreenName=AlBoldnews&amp;dnt=false&amp;embedId=twitter-widget-0&amp;features=eyJ0ZndfdGltZWxpbmVfbGlzdCI6eyJidWNrZXQiOltdLCJ2ZXJzaW9uIjpudWxsfSwidGZ3X2ZvbGxvd2VyX2NvdW50X3N1bnNldCI6eyJidWNrZXQiOnRydWUsInZlcnNpb24iOm51bGx9LCJ0ZndfdHdlZXRfZWRpdF9iYWNrZW5kIjp7ImJ1Y2tldCI6Im9uIiwidmVyc2lvbiI6bnVsbH0sInRmd19yZWZzcmNfc2Vzc2lvbiI6eyJidWNrZXQiOiJvbiIsInZlcnNpb24iOm51bGx9LCJ0ZndfZm9zbnJfc29mdF9pbnRlcnZlbnRpb25zX2VuYWJsZWQiOnsiYnVja2V0Ijoib24iLCJ2ZXJzaW9uIjpudWxsfSwidGZ3X21peGVkX21lZGlhXzE1ODk3Ijp7ImJ1Y2tldCI6InRyZWF0bWVudCIsInZlcnNpb24iOm51bGx9LCJ0ZndfZXhwZXJpbWVudHNfY29va2llX2V4cGlyYXRpb24iOnsiYnVja2V0IjoxMjA5NjAwLCJ2ZXJzaW9uIjpudWxsfSwidGZ3X3Nob3dfYmlyZHdhdGNoX3Bpdm90c19lbmFibGVkIjp7ImJ1Y2tldCI6Im9uIiwidmVyc2lvbiI6bnVsbH0sInRmd19kdXBsaWNhdGVfc2NyaWJlc190b19zZXR0aW5ncyI6eyJidWNrZXQiOiJvbiIsInZlcnNpb24iOm51bGx9LCJ0ZndfdXNlX3Byb2ZpbGVfaW1hZ2Vfc2hhcGVfZW5hYmxlZCI6eyJidWNrZXQiOiJvbiIsInZlcnNpb24iOm51bGx9LCJ0ZndfdmlkZW9faGxzX2R5bmFtaWNfbWFuaWZlc3RzXzE1MDgyIjp7ImJ1Y2tldCI6InRydWVfYml0cmF0ZSIsInZlcnNpb24iOm51bGx9LCJ0ZndfbGVnYWN5X3RpbWVsaW5lX3N1bnNldCI6eyJidWNrZXQiOnRydWUsInZlcnNpb24iOm51bGx9LCJ0ZndfdHdlZXRfZWRpdF9mcm9udGVuZCI6eyJidWNrZXQiOiJvbiIsInZlcnNpb24iOm51bGx9fQ%3D%3D&amp;frame=false&amp;hideCard=false&amp;hideThread=false&amp;id=2027281071381909976&amp;lang=en&amp;origin=https%3A%2F%2Fboldnews.al%2F2026%2F02%2F27%2Finiciative-e-perbashket-per-integrimin-ne-be-gazetari-gjerman-cfare-pritet-te-beje-rama-vucic%2F&amp;sessionId=bac93ae4ddcab5d3fb0389ce25656719c6f68a97&amp;siteScreenName=AlBoldnews&amp;theme=light&amp;widgetsVersion=2615f7e52b7e0%3A1702314776716&amp;width=550px\" frameborder=\"0\" scrolling=\"no\" allowfullscreen=\"allowfullscreen\" data-tweet-id=\"2027281071381909976\" data-mce-fragment=\"1\"><\/iframe><\/div>\n","protected":false},"excerpt":{"rendered":"<p>Gazetari gjerman, Michael Martens, ka paralajm\u00ebruar nj\u00eb zhvillim t\u00eb ri politik mes Edi Ram\u00ebs dhe Aleksand\u00ebr Vu\u00e7i\u00e7. N\u00eb nj\u00eb postim n\u00eb rrjetin social \u201cX\u201d, gazetari shkruan se Rama dhe presidenti i Serbis\u00eb, pritet t\u00eb dalin me nj\u00eb iniciativ\u00eb t\u00eb p\u00ebrbashk\u00ebt n\u00eb lidhje me procesin e zgjerimit t\u00eb Bashkimit Evropian. Martens thekson se kjo nism\u00eb pritet &hellip;<\/p>\n","protected":false},"author":4,"featured_media":14319,"comment_status":"closed","ping_status":"closed","sticky":false,"template":"","format":"standard","meta":{"footnotes":""},"categories":[37],"tags":[],"class_list":["post-137075","post","type-post","status-publish","format-standard","has-post-thumbnail","","category-politike"],"_links":{"self":[{"href":"https:\/\/rdnews.al\/index.php\/wp-json\/wp\/v2\/posts\/137075","targetHints":{"allow":["GET"]}}],"collection":[{"href":"https:\/\/rdnews.al\/index.php\/wp-json\/wp\/v2\/posts"}],"about":[{"href":"https:\/\/rdnews.al\/index.php\/wp-json\/wp\/v2\/types\/post"}],"author":[{"embeddable":true,"href":"https:\/\/rdnews.al\/index.php\/wp-json\/wp\/v2\/users\/4"}],"replies":[{"embeddable":true,"href":"https:\/\/rdnews.al\/index.php\/wp-json\/wp\/v2\/comments?post=137075"}],"version-history":[{"count":1,"href":"https:\/\/rdnews.al\/index.php\/wp-json\/wp\/v2\/posts\/137075\/revisions"}],"predecessor-version":[{"id":137076,"href":"https:\/\/rdnews.al\/index.php\/wp-json\/wp\/v2\/posts\/137075\/revisions\/137076"}],"wp:featuredmedia":[{"embeddable":true,"href":"https:\/\/rdnews.al\/index.php\/wp-json\/wp\/v2\/media\/14319"}],"wp:attachment":[{"href":"https:\/\/rdnews.al\/index.php\/wp-json\/wp\/v2\/media?parent=137075"}],"wp:term":[{"taxonomy":"category","embeddable":true,"href":"https:\/\/rdnews.al\/index.php\/wp-json\/wp\/v2\/categories?post=137075"},{"taxonomy":"post_tag","embeddable":true,"href":"https:\/\/rdnews.al\/index.php\/wp-json\/wp\/v2\/tags?post=137075"}],"curies":[{"name":"wp","href":"https:\/\/api.w.org\/{rel}","templated":true}]}}