{"id":137077,"date":"2026-02-28T10:08:28","date_gmt":"2026-02-28T10:08:28","guid":{"rendered":"https:\/\/rdnews.al\/?p=137077"},"modified":"2026-02-28T10:08:28","modified_gmt":"2026-02-28T10:08:28","slug":"sot-ne-oren-1800-protesta-kombetare-e-opozites-paralajmerimi-i-berishes","status":"publish","type":"post","link":"https:\/\/rdnews.al\/index.php\/2026\/02\/28\/sot-ne-oren-1800-protesta-kombetare-e-opozites-paralajmerimi-i-berishes\/","title":{"rendered":"Sot n\u00eb or\u00ebn 18:00 protesta komb\u00ebtare e opozit\u00ebs, paralajm\u00ebrimi i Berish\u00ebs"},"content":{"rendered":"<p>Opozita do t\u00eb zbres\u00eb s\u00ebrish n\u00eb bulevard pasditen e k\u00ebsaj t\u00eb shtune, n\u00eb or\u00ebn 18:00. N\u00eb fokus t\u00eb tubimit mbeten skandalet e qeveris\u00eb, t\u00eb lidhura me nj\u00eb s\u00ebr\u00eb hetimesh t\u00eb ngritura nga SPAK, t\u00eb cilat shigjetojn\u00eb me akuza Belinda Ballukun, tashm\u00eb e shkarkuar nga detyra e zv.kryeministres, p\u00ebr t\u00eb cil\u00ebn Prokuroria e Posa\u00e7me ka k\u00ebrkuar arrestimin.<\/p>\n<p>Lideri i opozit\u00ebs, Sali Berisha, deklaroi t\u00eb m\u00ebrkur\u00ebn: \u201cNe tani kalojm\u00eb n\u00eb forma t\u00eb ndryshme protestash, i diversifikojm\u00eb, kemi kreativitet. Do t\u00eb eksplorohen forma t\u00eb reja\u201d.<\/p>\n<p>N\u00eb daljet e fundit p\u00ebr mediat, Berisha ka paralajm\u00ebruar masivitet n\u00eb k\u00ebt\u00eb tubim.<\/p>\n<p>Kjo \u00ebsht\u00eb protesta e kat\u00ebrt e opozit\u00ebs p\u00ebr k\u00ebt\u00eb vit, ku k\u00ebrkesa mbetet e nj\u00ebjt\u00eb: largimi i Edi Ram\u00ebs dhe hapja e rrug\u00ebs p\u00ebr nj\u00eb qeveri teknike, e cila do ta \u00e7onte vendin drejt zgjedhjeve t\u00eb parakohshme.<\/p>\n","protected":false},"excerpt":{"rendered":"<p>Opozita do t\u00eb zbres\u00eb s\u00ebrish n\u00eb bulevard pasditen e k\u00ebsaj t\u00eb shtune, n\u00eb or\u00ebn 18:00. N\u00eb fokus t\u00eb tubimit mbeten skandalet e qeveris\u00eb, t\u00eb lidhura me nj\u00eb s\u00ebr\u00eb hetimesh t\u00eb ngritura nga SPAK, t\u00eb cilat shigjetojn\u00eb me akuza Belinda Ballukun, tashm\u00eb e shkarkuar nga detyra e zv.kryeministres, p\u00ebr t\u00eb cil\u00ebn Prokuroria e Posa\u00e7me ka k\u00ebrkuar &hellip;<\/p>\n","protected":false},"author":4,"featured_media":135686,"comment_status":"closed","ping_status":"closed","sticky":false,"template":"","format":"standard","meta":{"footnotes":""},"categories":[37],"tags":[],"class_list":["post-137077","post","type-post","status-publish","format-standard","has-post-thumbnail","","category-politike"],"_links":{"self":[{"href":"https:\/\/rdnews.al\/index.php\/wp-json\/wp\/v2\/posts\/137077","targetHints":{"allow":["GET"]}}],"collection":[{"href":"https:\/\/rdnews.al\/index.php\/wp-json\/wp\/v2\/posts"}],"about":[{"href":"https:\/\/rdnews.al\/index.php\/wp-json\/wp\/v2\/types\/post"}],"author":[{"embeddable":true,"href":"https:\/\/rdnews.al\/index.php\/wp-json\/wp\/v2\/users\/4"}],"replies":[{"embeddable":true,"href":"https:\/\/rdnews.al\/index.php\/wp-json\/wp\/v2\/comments?post=137077"}],"version-history":[{"count":1,"href":"https:\/\/rdnews.al\/index.php\/wp-json\/wp\/v2\/posts\/137077\/revisions"}],"predecessor-version":[{"id":137078,"href":"https:\/\/rdnews.al\/index.php\/wp-json\/wp\/v2\/posts\/137077\/revisions\/137078"}],"wp:featuredmedia":[{"embeddable":true,"href":"https:\/\/rdnews.al\/index.php\/wp-json\/wp\/v2\/media\/135686"}],"wp:attachment":[{"href":"https:\/\/rdnews.al\/index.php\/wp-json\/wp\/v2\/media?parent=137077"}],"wp:term":[{"taxonomy":"category","embeddable":true,"href":"https:\/\/rdnews.al\/index.php\/wp-json\/wp\/v2\/categories?post=137077"},{"taxonomy":"post_tag","embeddable":true,"href":"https:\/\/rdnews.al\/index.php\/wp-json\/wp\/v2\/tags?post=137077"}],"curies":[{"name":"wp","href":"https:\/\/api.w.org\/{rel}","templated":true}]}}