{"id":137084,"date":"2026-02-28T12:25:36","date_gmt":"2026-02-28T12:25:36","guid":{"rendered":"https:\/\/rdnews.al\/?p=137084"},"modified":"2026-02-28T12:25:36","modified_gmt":"2026-02-28T12:25:36","slug":"berisha-misioni-faktmbledhes-i-ppe-na-garantoi-per-mbeshtetje-te-fuqishme","status":"publish","type":"post","link":"https:\/\/rdnews.al\/index.php\/2026\/02\/28\/berisha-misioni-faktmbledhes-i-ppe-na-garantoi-per-mbeshtetje-te-fuqishme\/","title":{"rendered":"Berisha: Misioni faktmbledh\u00ebs i PPE na garantoi p\u00ebr mb\u00ebshtetje t\u00eb fuqishme!"},"content":{"rendered":"<p>Kryetari i PD, Sali Berisha, n\u00eb bashk\u00ebbisedimin me qytetar\u00ebt n\u00eb rrjete sociale tha se, protesta dhe kryengritja paq\u00ebsore e opozit\u00ebs shqiptare kan\u00eb tronditur regjimin e Edi Ram\u00ebs dhe do t\u00eb vazhdojn\u00eb t\u00eb jen\u00eb mjeti p\u00ebr ta mundur at\u00eb.<br \/>\nBerisha theksoi se, p\u00ebrpjekjet e qeveris\u00eb p\u00ebr t\u00eb krijuar mburoj\u00eb ligjore p\u00ebr vetveten dhe bashk\u00ebpun\u00ebtor\u00ebt e saj nuk mund t\u00eb neutralizojn\u00eb revolt\u00ebn qytetare, duke v\u00ebn\u00eb n\u00eb dukje se pa angazhimin e qytetar\u00ebve dhe protestat e tyre, kjo luft\u00eb politike nuk mund t\u00eb kishte p\u00ebrparuar.<\/p>\n<p><strong>Berisha:<\/strong> T\u00eb dashur miq, jemi n\u00eb nj\u00eb udh\u00ebkryq tejet t\u00eb rreziksh\u00ebm.<br \/>\nProtesta jon\u00eb, kryengritja jon\u00eb paq\u00ebsore ka tronditur n\u00eb themele regjimin dhe ka pasur jehon\u00ebn m\u00eb t\u00eb fuqishme n\u00eb Europ\u00eb dhe n\u00eb bot\u00eb.<br \/>\nKa pasur jehon\u00ebn m\u00eb pozitive se t\u00eb gjith\u00eb protestat q\u00eb kemi organizuar ndonj\u00ebher\u00eb pasi n\u00eb kushtet e nj\u00eb flagrance n\u00eb vjedhje t\u00eb kryeministrit, z\u00ebvend\u00ebses s\u00eb tij, p\u00ebrpjekjet e tyre p\u00ebr grusht shteti, ne u treguam shqiptar\u00ebve dhe bot\u00ebs se opozita shqiptare \u00ebsht\u00eb n\u00eb k\u00ebmb\u00eb, \u00ebsht\u00eb e t\u00ebra kund\u00ebr k\u00ebtij regjimi dhe nuk pajtohet me t\u00eb.<br \/>\nE them dhe e p\u00ebrs\u00ebris, ne mbrojt\u00ebm dinjitetin e k\u00ebtij vendi, mbrojt\u00ebm dinjitetin e kombit ton\u00eb dhe b\u00ebn\u00eb detyr\u00ebn q\u00eb kemi n\u00eb misionin e shp\u00ebtimit t\u00eb Shqip\u00ebris\u00eb.<br \/>\nRevolta trondit\u00ebse e qytetar\u00ebve shqiptar\u00eb vuri me shpatulla pas muri Edi Ram\u00ebn.<br \/>\nNxori n\u00eb shesh para shqiptar\u00ebve dhe bot\u00ebs fytyr\u00ebn e tij t\u00eb v\u00ebrtet\u00eb prej diktatori.<br \/>\nPasi d\u00ebshtoi me grushtin e shtetit me Gjykat\u00ebn Kushtetuese, ai p\u00ebrpiqet me ndryshime ligjesh t\u00eb krijoj\u00eb nj\u00eb mburoj\u00eb p\u00ebr veten dhe bashk\u00ebhajdut\u00ebt e tij n\u00eb m\u00ebnyr\u00eb q\u00eb ligji t\u00eb mos mund t\u2019i d\u00ebnoj\u00eb, t\u00eb vazhdojn\u00eb t\u00eb qet\u00eb t\u00eb vjedhin fondet dhe pasurit\u00eb publike.<br \/>\nDhe po n\u00eb k\u00ebt\u00eb kontekst, ai b\u00ebri dje nj\u00eb riformatim t\u00eb qeveris\u00eb me t\u00eb cilin faktoi m\u00eb shum\u00eb se \u00e7do gj\u00eb tjet\u00ebr se Lubia \u00ebsht\u00eb vet\u00eb Rama.<br \/>\nApo me fjal\u00eb t\u00eb tjera, fuqin\u00eb e pakufishme t\u00eb Lubis\u00eb mbi Ram\u00ebn.<br \/>\nE marr\u00eb hua nga populli q\u00eb thot\u00eb se u mbars mali dhe polli nj\u00eb mi, ne themi d\u00ebshtoi Lubia dhe populli 3 ministra dhe nj\u00eb z\u00ebvend\u00ebsminist\u00ebr.<br \/>\nAkt m\u00eb qesharak dhe m\u00eb t\u00eb pap\u00ebrgjegjsh\u00ebm nuk ka pasi firmat e atyre q\u00eb jan\u00eb em\u00ebruar, jan\u00eb n\u00eb t\u00eb gjitha dokumentet q\u00eb Lubia koa firmosur me urdh\u00ebr t\u00eb Edi Ram\u00ebs.<br \/>\nPra, k\u00ebta ministra jan\u00eb p\u00ebr definicion an\u00ebtar\u00ebt e grupit t\u00eb strukturuar kriminal t\u00eb Lubi Ballukut n\u00eb ofertat, tenderat dhe vjedhjet e saj.<br \/>\nPor p\u00ebrs\u00ebri \u00ebsht\u00eb absolutisht e pamohueshme se pa protest\u00ebn tuaj, pa revolt\u00ebn tuaj dhe kryengritjen tuaj paq\u00ebsore, k\u00ebto nuk do mund t\u00eb ndodhnin.<br \/>\nK\u00ebto p\u00ebrpjekje t\u00eb Edi Ram\u00ebs sh\u00ebnojn\u00eb agonin\u00eb, progresin e agonis\u00eb politike t\u00eb tij.<br \/>\nD\u00ebshmojn\u00eb se suksesin e opozit\u00ebs n\u00eb kilometrin e fundit t\u00eb saj.<br \/>\nPor k\u00ebto ftojn\u00eb q\u00eb kjo betej\u00eb t\u00eb vazhdoj\u00eb me t\u00eb gjith\u00eb forcat tona.<br \/>\nN\u00eb rast se ne, t\u00eb themi se arrit\u00ebm ta v\u00ebm\u00eb p\u00ebrpara regjimin, ne nuk kemi fituar ende luft\u00ebn.<br \/>\nLufta fitohet me kryengritjen ton\u00eb t\u00eb q\u00ebndrueshme dhe un\u00eb kam besim tek shqiptar\u00ebt se sot jan\u00eb m\u00eb t\u00eb gatsh\u00ebm se kurr\u00eb t\u00eb ndahen me k\u00ebt\u00eb regjim.<\/p>\n","protected":false},"excerpt":{"rendered":"<p>Kryetari i PD, Sali Berisha, n\u00eb bashk\u00ebbisedimin me qytetar\u00ebt n\u00eb rrjete sociale tha se, protesta dhe kryengritja paq\u00ebsore e opozit\u00ebs shqiptare kan\u00eb tronditur regjimin e Edi Ram\u00ebs dhe do t\u00eb vazhdojn\u00eb t\u00eb jen\u00eb mjeti p\u00ebr ta mundur at\u00eb. Berisha theksoi se, p\u00ebrpjekjet e qeveris\u00eb p\u00ebr t\u00eb krijuar mburoj\u00eb ligjore p\u00ebr vetveten dhe bashk\u00ebpun\u00ebtor\u00ebt e saj &hellip;<\/p>\n","protected":false},"author":4,"featured_media":136102,"comment_status":"closed","ping_status":"closed","sticky":false,"template":"","format":"standard","meta":{"footnotes":""},"categories":[37],"tags":[],"class_list":["post-137084","post","type-post","status-publish","format-standard","has-post-thumbnail","","category-politike"],"_links":{"self":[{"href":"https:\/\/rdnews.al\/index.php\/wp-json\/wp\/v2\/posts\/137084","targetHints":{"allow":["GET"]}}],"collection":[{"href":"https:\/\/rdnews.al\/index.php\/wp-json\/wp\/v2\/posts"}],"about":[{"href":"https:\/\/rdnews.al\/index.php\/wp-json\/wp\/v2\/types\/post"}],"author":[{"embeddable":true,"href":"https:\/\/rdnews.al\/index.php\/wp-json\/wp\/v2\/users\/4"}],"replies":[{"embeddable":true,"href":"https:\/\/rdnews.al\/index.php\/wp-json\/wp\/v2\/comments?post=137084"}],"version-history":[{"count":1,"href":"https:\/\/rdnews.al\/index.php\/wp-json\/wp\/v2\/posts\/137084\/revisions"}],"predecessor-version":[{"id":137085,"href":"https:\/\/rdnews.al\/index.php\/wp-json\/wp\/v2\/posts\/137084\/revisions\/137085"}],"wp:featuredmedia":[{"embeddable":true,"href":"https:\/\/rdnews.al\/index.php\/wp-json\/wp\/v2\/media\/136102"}],"wp:attachment":[{"href":"https:\/\/rdnews.al\/index.php\/wp-json\/wp\/v2\/media?parent=137084"}],"wp:term":[{"taxonomy":"category","embeddable":true,"href":"https:\/\/rdnews.al\/index.php\/wp-json\/wp\/v2\/categories?post=137084"},{"taxonomy":"post_tag","embeddable":true,"href":"https:\/\/rdnews.al\/index.php\/wp-json\/wp\/v2\/tags?post=137084"}],"curies":[{"name":"wp","href":"https:\/\/api.w.org\/{rel}","templated":true}]}}