{"id":137088,"date":"2026-02-28T12:33:41","date_gmt":"2026-02-28T12:33:41","guid":{"rendered":"https:\/\/rdnews.al\/?p=137088"},"modified":"2026-02-28T12:33:41","modified_gmt":"2026-02-28T12:33:41","slug":"berisha-doreheqja-e-rames-dhe-largimi-i-tij-nga-pushteti-eshte-kushti-i-te-gjitha-kushteve","status":"publish","type":"post","link":"https:\/\/rdnews.al\/index.php\/2026\/02\/28\/berisha-doreheqja-e-rames-dhe-largimi-i-tij-nga-pushteti-eshte-kushti-i-te-gjitha-kushteve\/","title":{"rendered":"Berisha: Dor\u00ebheqja e Ram\u00ebs dhe largimi i tij nga pushteti, \u00ebsht\u00eb kushti i t\u00eb gjitha kushteve!"},"content":{"rendered":"<p>Kryetari i PD, Sali Berisha n\u00eb bashk\u00ebbisedimin me qytetar\u00ebt n\u00eb rrjete sociale theksoi se dor\u00ebheqja dhe largimi i Edi Ram\u00ebs nga pushteti \u00ebsht\u00eb kushti kryesor q\u00eb Shqip\u00ebria t\u00eb rigjej\u00eb paqen, t\u00eb rikthej\u00eb zgjedhjet e lira dhe t\u00eb ec\u00eb drejt normalitetit.<\/p>\n<p>Berisha shprehu mir\u00ebnjohjen e tij ndaj qytetar\u00ebve dhe protestuesve q\u00eb po q\u00ebndrojn\u00eb p\u00ebrball\u00eb \u201cregjimit antishqiptar t\u00eb Ram\u00ebs\u201d, duke vler\u00ebsuar angazhimin dhe q\u00ebndres\u00ebn e tyre p\u00ebr shp\u00ebtimin e vendit.<\/p>\n<p><strong>Aleks Kapllaj: D\u00ebshiroj t\u00eb fal\u00ebnderoj nga zemra t\u00eb gjith\u00eb q\u00ebndrestar dhe protestuesit shqiptar\u00eb q\u00eb po q\u00ebndrojn\u00eb p\u00ebrball\u00eb regjimit antishqiptar t\u00eb Edi Ram\u00ebs. Atyre u jemi mir\u00ebnjoh\u00ebs gjith\u00eb jet\u00ebn. Ju fal\u00ebnderoj p\u00ebr \u00e7do gj\u00eb q\u00eb po b\u00ebni p\u00ebr t\u00eb shp\u00ebtuar Shqip\u00ebrin\u00eb.<\/strong><\/p>\n<p><strong>Sali Berisha:<\/strong> Jam shum\u00eb mir\u00ebnjoh\u00ebs p\u00ebr mesazhin tuaj inkurajues. \u00cbsht\u00eb nj\u00eb betej\u00eb e v\u00ebshtir\u00eb, por \u00ebsht\u00eb nj\u00eb mision i madh n\u00eb t\u00eb cilin po bashkohen \u00e7do dit\u00eb e m\u00eb shum\u00eb shqiptar\u00ebt. Dhe me k\u00ebt\u00eb rast dua t\u2019u rikujtoj shqiptar\u00ebve se kjo betej\u00eb nuk lidhej me Lubi Ballukun, n\u00eb asnj\u00eb rast. Kjo betej\u00eb lidhet me kreun e organizat\u00ebs kriminale t\u00eb qeveris\u00eb shqiptare q\u00eb \u00ebsht\u00eb Edi Rama. Ndaj dhe ne k\u00ebt\u00eb betej\u00eb do ta vazhdojm\u00eb gjersa Edi Rama t\u00eb largohet nga pushteti. Dor\u00ebheqja e tij dhe largimi i tij nga pushteti \u00ebsht\u00eb kushti i t\u00eb gjitha kushteve q\u00eb Shqip\u00ebria t\u00eb rigjej\u00eb paqen, t\u00eb rikthej\u00eb zgjedhjet e lira dhe t\u00eb ec\u00eb n\u00eb rrug\u00ebn e normalitetit.<\/p>\n","protected":false},"excerpt":{"rendered":"<p>Kryetari i PD, Sali Berisha n\u00eb bashk\u00ebbisedimin me qytetar\u00ebt n\u00eb rrjete sociale theksoi se dor\u00ebheqja dhe largimi i Edi Ram\u00ebs nga pushteti \u00ebsht\u00eb kushti kryesor q\u00eb Shqip\u00ebria t\u00eb rigjej\u00eb paqen, t\u00eb rikthej\u00eb zgjedhjet e lira dhe t\u00eb ec\u00eb drejt normalitetit. Berisha shprehu mir\u00ebnjohjen e tij ndaj qytetar\u00ebve dhe protestuesve q\u00eb po q\u00ebndrojn\u00eb p\u00ebrball\u00eb \u201cregjimit antishqiptar &hellip;<\/p>\n","protected":false},"author":4,"featured_media":137089,"comment_status":"closed","ping_status":"closed","sticky":false,"template":"","format":"standard","meta":{"footnotes":""},"categories":[37],"tags":[],"class_list":["post-137088","post","type-post","status-publish","format-standard","has-post-thumbnail","","category-politike"],"_links":{"self":[{"href":"https:\/\/rdnews.al\/index.php\/wp-json\/wp\/v2\/posts\/137088","targetHints":{"allow":["GET"]}}],"collection":[{"href":"https:\/\/rdnews.al\/index.php\/wp-json\/wp\/v2\/posts"}],"about":[{"href":"https:\/\/rdnews.al\/index.php\/wp-json\/wp\/v2\/types\/post"}],"author":[{"embeddable":true,"href":"https:\/\/rdnews.al\/index.php\/wp-json\/wp\/v2\/users\/4"}],"replies":[{"embeddable":true,"href":"https:\/\/rdnews.al\/index.php\/wp-json\/wp\/v2\/comments?post=137088"}],"version-history":[{"count":1,"href":"https:\/\/rdnews.al\/index.php\/wp-json\/wp\/v2\/posts\/137088\/revisions"}],"predecessor-version":[{"id":137090,"href":"https:\/\/rdnews.al\/index.php\/wp-json\/wp\/v2\/posts\/137088\/revisions\/137090"}],"wp:featuredmedia":[{"embeddable":true,"href":"https:\/\/rdnews.al\/index.php\/wp-json\/wp\/v2\/media\/137089"}],"wp:attachment":[{"href":"https:\/\/rdnews.al\/index.php\/wp-json\/wp\/v2\/media?parent=137088"}],"wp:term":[{"taxonomy":"category","embeddable":true,"href":"https:\/\/rdnews.al\/index.php\/wp-json\/wp\/v2\/categories?post=137088"},{"taxonomy":"post_tag","embeddable":true,"href":"https:\/\/rdnews.al\/index.php\/wp-json\/wp\/v2\/tags?post=137088"}],"curies":[{"name":"wp","href":"https:\/\/api.w.org\/{rel}","templated":true}]}}