{"id":137091,"date":"2026-02-28T12:36:25","date_gmt":"2026-02-28T12:36:25","guid":{"rendered":"https:\/\/rdnews.al\/?p=137091"},"modified":"2026-02-28T12:36:25","modified_gmt":"2026-02-28T12:36:25","slug":"berisha-rikthimi-i-te-rinjve-ne-vendin-e-tyre-do-te-jete-politike-kryesore-e-programit-tone","status":"publish","type":"post","link":"https:\/\/rdnews.al\/index.php\/2026\/02\/28\/berisha-rikthimi-i-te-rinjve-ne-vendin-e-tyre-do-te-jete-politike-kryesore-e-programit-tone\/","title":{"rendered":"Berisha: Rikthimi i t\u00eb rinjve n\u00eb vendin e tyre do t\u00eb jet\u00eb politik\u00eb kryesore e programit ton\u00eb!"},"content":{"rendered":"<p>Kryetari i PD, Sali Berisha theksoi se rikthimi i t\u00eb rinjve shqiptar\u00eb n\u00eb vendin e tyre do t\u00eb jet\u00eb nj\u00eb nga politikat kryesore t\u00eb programit t\u00eb Partis\u00eb Demokratike.<br \/>\nDuke iu referuar situat\u00ebs dramatike t\u00eb viteve 2014\u20132026, Berisha n\u00ebnvizoi se gjat\u00eb k\u00ebsaj periudhe Shqip\u00ebria p\u00ebrjetoi nj\u00eb katastrof\u00eb demografike, ku politikat e qeveris\u00eb Rama detyruan shqiptar\u00ebt t\u00eb braktisnin vendin.<\/p>\n<p><strong>Llesh Prendi: Dy f\u00ebmij\u00ebt e mi u larguan n\u00eb Venecia, vajza arkitekte dhe djali arkeolog erdh\u00ebn n\u00eb Shqip\u00ebri p\u00ebr t\u00eb punuar dhe jetuar. Ishin vitet e para t\u00eb qeveris\u00eb Rama. Por fatkeq\u00ebsisht nuk arrit\u00ebn t\u00eb pun\u00ebsohen. M\u00eb ther zemra se nipat e mi nuk kthehen m\u00eb. I vrau pushteti \u00ebndrrat e mia.<\/strong><\/p>\n<p><strong>Sali Berisha:<\/strong> U p\u00ebrsh\u00ebndes ju dhe f\u00ebmij\u00ebt tuaj Llesh. Vitet 2014-2026 do sh\u00ebnohen n\u00eb muret e historis\u00eb s\u00eb k\u00ebtij vendi si vitet e katastrof\u00ebs m\u00eb t\u00eb madhe demografike.<br \/>\nSi vitet kur shqiptar\u00ebt me politikat antishqiptare t\u00eb Edi Ram\u00ebs braktis\u00ebn vendin e tyre si kurr\u00eb ndonj\u00ebher\u00eb n\u00eb historin\u00eb e k\u00ebtij vendi.<br \/>\nK\u00ebto politika t\u00eb shpun\u00ebsimit t\u00eb t\u00eb rinjve, k\u00ebto politika t\u00eb vrasjes s\u00eb shpres\u00ebs, kan\u00eb d\u00ebmtuar r\u00ebnd\u00eb \u00ebndrr\u00ebn, kan\u00eb vrar\u00eb \u00ebndrr\u00ebn e t\u00eb rinjve shqiptar\u00eb p\u00ebr t\u00eb nd\u00ebrtuar k\u00ebt\u00eb \u00ebnd\u00ebrr n\u00eb Shqip\u00ebri.<br \/>\nShembulli m\u00eb i gjall\u00eb jan\u00eb f\u00ebmij\u00ebt e tu, t\u00eb cil\u00ebt u shkolluan n\u00eb shkollat m\u00eb t\u00eb mira t\u00eb Italis\u00eb dhe u rikthyen p\u00ebr t\u00eb nd\u00ebrtuar \u00ebndrr\u00ebn n\u00eb Shqip\u00ebri.<br \/>\nPor Edi Rama \u00ebsht\u00eb vras\u00ebsi i \u00ebndrrave.<br \/>\nK\u00ebshtu q\u00eb, largimi i k\u00ebtij regjimi duhet t\u00eb jet\u00eb objektivi absolut i yni dhe nj\u00eb politik\u00eb q\u00eb do synoj\u00eb qoft\u00eb kushte reale p\u00ebr t\u00eb rinjt\u00eb shqiptar\u00eb n\u00eb Shqip\u00ebri q\u00eb t\u00eb nd\u00ebrtojn\u00eb \u00ebndrr\u00ebn e tyre me pun\u00ebsim, me kredi, me strehim, por edhe nj\u00eb p\u00ebrpjekje e madhe shum\u00eb p\u00ebr rikthimin e t\u00eb rinjve shqiptar\u00eb q\u00eb d\u00ebshirojn\u00eb t\u00eb rikthehen dhe t\u00eb investojn\u00eb n\u00eb k\u00ebt\u00eb vend, do jen\u00eb drejtime kryesore t\u00eb politik\u00ebs son\u00eb.<\/p>\n","protected":false},"excerpt":{"rendered":"<p>Kryetari i PD, Sali Berisha theksoi se rikthimi i t\u00eb rinjve shqiptar\u00eb n\u00eb vendin e tyre do t\u00eb jet\u00eb nj\u00eb nga politikat kryesore t\u00eb programit t\u00eb Partis\u00eb Demokratike. Duke iu referuar situat\u00ebs dramatike t\u00eb viteve 2014\u20132026, Berisha n\u00ebnvizoi se gjat\u00eb k\u00ebsaj periudhe Shqip\u00ebria p\u00ebrjetoi nj\u00eb katastrof\u00eb demografike, ku politikat e qeveris\u00eb Rama detyruan shqiptar\u00ebt t\u00eb &hellip;<\/p>\n","protected":false},"author":4,"featured_media":137092,"comment_status":"closed","ping_status":"closed","sticky":false,"template":"","format":"standard","meta":{"footnotes":""},"categories":[37],"tags":[],"class_list":["post-137091","post","type-post","status-publish","format-standard","has-post-thumbnail","","category-politike"],"_links":{"self":[{"href":"https:\/\/rdnews.al\/index.php\/wp-json\/wp\/v2\/posts\/137091","targetHints":{"allow":["GET"]}}],"collection":[{"href":"https:\/\/rdnews.al\/index.php\/wp-json\/wp\/v2\/posts"}],"about":[{"href":"https:\/\/rdnews.al\/index.php\/wp-json\/wp\/v2\/types\/post"}],"author":[{"embeddable":true,"href":"https:\/\/rdnews.al\/index.php\/wp-json\/wp\/v2\/users\/4"}],"replies":[{"embeddable":true,"href":"https:\/\/rdnews.al\/index.php\/wp-json\/wp\/v2\/comments?post=137091"}],"version-history":[{"count":1,"href":"https:\/\/rdnews.al\/index.php\/wp-json\/wp\/v2\/posts\/137091\/revisions"}],"predecessor-version":[{"id":137093,"href":"https:\/\/rdnews.al\/index.php\/wp-json\/wp\/v2\/posts\/137091\/revisions\/137093"}],"wp:featuredmedia":[{"embeddable":true,"href":"https:\/\/rdnews.al\/index.php\/wp-json\/wp\/v2\/media\/137092"}],"wp:attachment":[{"href":"https:\/\/rdnews.al\/index.php\/wp-json\/wp\/v2\/media?parent=137091"}],"wp:term":[{"taxonomy":"category","embeddable":true,"href":"https:\/\/rdnews.al\/index.php\/wp-json\/wp\/v2\/categories?post=137091"},{"taxonomy":"post_tag","embeddable":true,"href":"https:\/\/rdnews.al\/index.php\/wp-json\/wp\/v2\/tags?post=137091"}],"curies":[{"name":"wp","href":"https:\/\/api.w.org\/{rel}","templated":true}]}}