{"id":137097,"date":"2026-02-28T12:42:59","date_gmt":"2026-02-28T12:42:59","guid":{"rendered":"https:\/\/rdnews.al\/?p=137097"},"modified":"2026-02-28T12:42:59","modified_gmt":"2026-02-28T12:42:59","slug":"berisha-rama-u-bashkua-me-aleatin-e-putinit-tani-qe-po-i-mbyllet-dera-e-be","status":"publish","type":"post","link":"https:\/\/rdnews.al\/index.php\/2026\/02\/28\/berisha-rama-u-bashkua-me-aleatin-e-putinit-tani-qe-po-i-mbyllet-dera-e-be\/","title":{"rendered":"Berisha: Rama u bashkua me aleatin e Putinit tani q\u00eb po i mbyllet dera e BE!"},"content":{"rendered":"<p>Kryetari i PD, Sali Berisha tha se, Edi Rama se po bashkohet me aleatin e Putinit, nd\u00ebrkoh\u00eb q\u00eb dera e Bashkimit Europian p\u00ebr an\u00ebtar\u00ebsim i \u00ebsht\u00eb mbyllur Shqip\u00ebris\u00eb p\u00ebr shkak t\u00eb politikave dhe vjedhjeve t\u00eb qeveris\u00eb s\u00eb tij.<br \/>\nBerisha kritikoi ashp\u00ebr sulmet e Ram\u00ebs ndaj Gjermanis\u00eb, duke theksuar se vendi ka dh\u00ebn\u00eb mb\u00ebshtetje t\u00eb jasht\u00ebzakonshme p\u00ebr projekte n\u00eb Shqip\u00ebri me mbi 1.5 miliard\u00eb euro, dhe se Rama vepron vet\u00ebm p\u00ebr interesat e tij kriminale, duke shkelur ligjet dhe duke injoruar funksionimin e shtetit ligjor.<\/p>\n<p><strong>Adi Fiku: Doktor, p\u00ebrsh\u00ebndetje. Rama ka sulmuar Gjermanin\u00eb p\u00ebr shkak se ka sh\u00ebnjestruar korrupsionin e tij. Si mundet ta b\u00ebj\u00eb nj\u00eb kryeminsit\u00ebr k\u00ebt\u00eb ndaj nj\u00eb vendi q\u00eb \u00ebsht\u00eb motorri i Europ\u00ebs?<\/strong><\/p>\n<p><strong>Sali Berisha:<\/strong> Edi Rama p\u00ebr interesat e tij kriminale \u00ebsht\u00eb i aft\u00eb t\u00eb sulmoj\u00eb \u00e7do vend dhe \u00e7do njeri.<br \/>\nD\u00ebnoj me forc\u00ebn m\u00eb t\u00eb madhe sulmet e tij ndaj nj\u00eb vendi, i cili i ka dh\u00ebn\u00eb Shqip\u00ebris\u00eb gjer sot ndihma jasht\u00ebzakonisht t\u00eb \u00e7muara n\u00eb mij\u00ebra projekte nga veriu n\u00eb jug, nga lindja n\u00eb per\u00ebndim, mbi 1.5 miliard\u00eb euro ose m\u00eb shum\u00eb.<br \/>\nEdi Rama nuk ka asnj\u00eb kriter tjet\u00ebr as mir\u00ebnjohje, as p\u00ebrgjegj\u00ebsie p\u00ebrve\u00e7 interesave t\u00eb tij kriminale.<br \/>\n\u00cbsht\u00eb e v\u00ebrtet\u00eb se autoritetet gjermane k\u00ebrkojn\u00eb funksionimin e shtetit ligjor n\u00eb Shqip\u00ebri.<br \/>\nPo rikujtoj k\u00ebtu vizit\u00ebn e ministrit federal p\u00ebr ndihm\u00ebn ekonomike Nibel. Duhet t\u00eb ket\u00eb qen\u00eb viti 2009 ose 2010.<br \/>\nInauguruam s\u00eb bashku uj\u00ebsjell\u00ebsin e Beratit, financim i tyre dhe po pinim nj\u00eb kafe.<br \/>\nAi kishte deklaruar p\u00ebr gazetar\u00ebt se ne jemi t\u00eb interesuar p\u00ebr konsolidimin e shtetit ligjor. Nj\u00eb deklarat\u00eb shum\u00eb normale.<br \/>\nDhe m\u00eb pyeti, zoti kryeminist\u00ebr, a u l\u00ebndova un\u00eb me k\u00ebt\u00eb deklarat\u00eb.<br \/>\nAbsolutisht aspak, \u00e7far\u00eb k\u00ebrkuat ju zoti minist\u00ebr, ju k\u00ebrkuat at\u00eb q\u00eb \u00ebsht\u00eb interesi i qytetar\u00ebve shqiptar\u00eb. Si mund t\u00eb l\u00ebndohem un\u00eb kur ju k\u00ebrkoni nj\u00eb gj\u00eb q\u00eb \u00ebsht\u00eb n\u00eb interesin m\u00eb t\u00eb mir\u00eb t\u00eb shqiptar\u00ebve.<br \/>\nDhe ai m\u00eb fal\u00ebnderoi dhe m\u00eb tha se edhe p\u00ebr ne, kur i japim k\u00ebto ndihma, q\u00eb ua marrim taksapaguesve tan\u00eb, duhet t\u00eb jemi t\u00eb qet\u00eb se i jepet nj\u00eb vendi ku qytetar\u00ebt b\u00ebhen edhe m\u00eb t\u00eb lir\u00eb dhe m\u00eb t\u00eb sigurt.<br \/>\nTani, zhvillimi m\u00eb i fundit si\u00e7 e pat\u00eb ju, ishte artikulli q\u00eb shkroi me padronin e tij, Aleksand\u00ebr Vu\u00e7i\u00e7 n\u00eb Frankfurter Allgemine Zeitung.<br \/>\nAleksand\u00ebr Vu\u00e7i\u00e7, i akuzuar s\u00eb fundmi p\u00ebr safarin, gjahun e qytetar\u00ebve mysliman\u00eb n\u00eb Sarajev\u00eb, si snajper q\u00eb shkonte dhe b\u00ebnte gjah n\u00eb vikende, mori argatin e tij p\u00ebr t\u2019u paraqitur me nj\u00eb editorial t\u00eb gjat\u00eb n\u00eb Frankfurter Allgemine Zeitung.<br \/>\n\u00c7far\u00eb k\u00ebrkonin dy kryetar\u00ebt e organizatave kriminale m\u00eb t\u00eb rrezikshme t\u00eb Europ\u00ebs, Edi Rama dhe Aleksand\u00ebr Vu\u00e7i\u00e7.<br \/>\nPo, po, Aleksand\u00ebr Vu\u00e7i\u00e7 \u00ebsht\u00eb gjetur se ka lidhje me Bjelivukun apo Ujkun e Bardh\u00eb dhe band\u00ebn e tij, njer\u00ebz q\u00eb thernin dhe bluanin mishrat e kund\u00ebrshtar\u00ebve politik\u00eb n\u00eb brigjet e Danubit, nj\u00ebsoj si\u00e7 \u00ebsht\u00eb Ergys Agasit i cili me pam-pam apo me pengmarrje zgjidhte t\u00eb gjitha problemet e kopshtit privat t\u00eb Edi Ram\u00ebs.<br \/>\nPra, k\u00ebta b\u00ebjn\u00eb nj\u00eb kryeartikull, n\u00eb t\u00eb cilin i thon\u00eb Europ\u00ebs se nuk ka nevoj\u00eb t\u00eb jemi an\u00ebtar\u00eb me t\u00eb drejta t\u00eb plota n\u00eb BE, sepse n\u00ebnkuptohet rregullat nuk i zbatojn\u00eb dot, kriteret nuk i zbatojn\u00eb dot, por na jepni tregun.<br \/>\nPra, me nj\u00eb fjal\u00eb, ky argat u rikthye tek Ballkani i Hapur, na jepni tregun e lir\u00eb.<br \/>\nU rikthye tek Ballkani i Hapur me t\u00eb cilin ky shkat\u00ebrroi p\u00ebrfundimisht ekonomin\u00eb, bujq\u00ebsin\u00eb shqiptare.<br \/>\nNuk kishte akt m\u00eb antishqiptar.<br \/>\nBashkohet me aleatin e Putinit tani q\u00eb e sheh se dera e Brukselit, dera e integrimit po i mbyllet p\u00ebr shkak t\u00eb vjedhjeve t\u00eb tij.<br \/>\nNe jemi sot p\u00ebr t\u2019i deklaruar Edi Ram\u00ebs se opozita shqiptare ka dhe do ket\u00eb si ylli e saj polar integrimin e plot\u00eb t\u00eb Shqip\u00ebris\u00eb n\u00eb BE.<br \/>\nIntegrimin e bazuar n\u00eb merit\u00eb, e bazuar n\u00eb funksionimin e shtetit ligjor, e bazuar n\u00eb kriteret dhe standardet demokratike.<br \/>\nPrandaj dhe p\u00ebrpiqu, b\u00ebj gati k\u00ebrkes\u00ebn p\u00ebr strehim politik n\u00eb Beograd, por t\u00eb garantoj se bashk\u00eb me t\u00eb do p\u00ebrfundoni diku tjet\u00ebr se edhe atij demokrat\u00ebt dhe populli shqiptar do i jap\u00eb p\u00ebrgjigjen e merituar.<\/p>\n","protected":false},"excerpt":{"rendered":"<p>Kryetari i PD, Sali Berisha tha se, Edi Rama se po bashkohet me aleatin e Putinit, nd\u00ebrkoh\u00eb q\u00eb dera e Bashkimit Europian p\u00ebr an\u00ebtar\u00ebsim i \u00ebsht\u00eb mbyllur Shqip\u00ebris\u00eb p\u00ebr shkak t\u00eb politikave dhe vjedhjeve t\u00eb qeveris\u00eb s\u00eb tij. Berisha kritikoi ashp\u00ebr sulmet e Ram\u00ebs ndaj Gjermanis\u00eb, duke theksuar se vendi ka dh\u00ebn\u00eb mb\u00ebshtetje t\u00eb jasht\u00ebzakonshme &hellip;<\/p>\n","protected":false},"author":4,"featured_media":137089,"comment_status":"closed","ping_status":"closed","sticky":false,"template":"","format":"standard","meta":{"footnotes":""},"categories":[37],"tags":[],"class_list":["post-137097","post","type-post","status-publish","format-standard","has-post-thumbnail","","category-politike"],"_links":{"self":[{"href":"https:\/\/rdnews.al\/index.php\/wp-json\/wp\/v2\/posts\/137097","targetHints":{"allow":["GET"]}}],"collection":[{"href":"https:\/\/rdnews.al\/index.php\/wp-json\/wp\/v2\/posts"}],"about":[{"href":"https:\/\/rdnews.al\/index.php\/wp-json\/wp\/v2\/types\/post"}],"author":[{"embeddable":true,"href":"https:\/\/rdnews.al\/index.php\/wp-json\/wp\/v2\/users\/4"}],"replies":[{"embeddable":true,"href":"https:\/\/rdnews.al\/index.php\/wp-json\/wp\/v2\/comments?post=137097"}],"version-history":[{"count":1,"href":"https:\/\/rdnews.al\/index.php\/wp-json\/wp\/v2\/posts\/137097\/revisions"}],"predecessor-version":[{"id":137098,"href":"https:\/\/rdnews.al\/index.php\/wp-json\/wp\/v2\/posts\/137097\/revisions\/137098"}],"wp:featuredmedia":[{"embeddable":true,"href":"https:\/\/rdnews.al\/index.php\/wp-json\/wp\/v2\/media\/137089"}],"wp:attachment":[{"href":"https:\/\/rdnews.al\/index.php\/wp-json\/wp\/v2\/media?parent=137097"}],"wp:term":[{"taxonomy":"category","embeddable":true,"href":"https:\/\/rdnews.al\/index.php\/wp-json\/wp\/v2\/categories?post=137097"},{"taxonomy":"post_tag","embeddable":true,"href":"https:\/\/rdnews.al\/index.php\/wp-json\/wp\/v2\/tags?post=137097"}],"curies":[{"name":"wp","href":"https:\/\/api.w.org\/{rel}","templated":true}]}}