{"id":137099,"date":"2026-02-28T12:51:38","date_gmt":"2026-02-28T12:51:38","guid":{"rendered":"https:\/\/rdnews.al\/?p=137099"},"modified":"2026-02-28T12:54:03","modified_gmt":"2026-02-28T12:54:03","slug":"137099","status":"publish","type":"post","link":"https:\/\/rdnews.al\/index.php\/2026\/02\/28\/137099\/","title":{"rendered":"Berisha: Ftoj \u00e7do socialist t\u00eb ndersh\u00ebm, t\u00eb bashkohemi t\u00eb heqim k\u00ebt\u00eb t\u00eb keqe t\u00eb madhe!"},"content":{"rendered":"<p>Kryetari i PD, Sali Berisha, n\u00eb nj\u00eb bashk\u00ebbisedim me qytetar\u00ebt n\u00eb rrjetet sociale ftoi \u00e7do socialist t\u00eb ndersh\u00ebm t\u00eb bashkohet me opozit\u00ebn p\u00ebr t\u00eb larguar \u201ct\u00eb keqen e madhe\u201d q\u00eb qeveria aktuale ka sjell\u00eb n\u00eb Shqip\u00ebri, duke e cil\u00ebsuar situat\u00ebn si m\u00eb t\u00eb r\u00ebnd\u00ebn q\u00eb vendi ka pasur pas periudh\u00ebs s\u00eb Enver Hoxh\u00ebs.<br \/>\nBerisha kritikoi ashp\u00ebr lidershipin e Edi Ram\u00ebs, duke e akuzuar se ka forcuar lidhjet me krimin e organizuar dhe ka shnd\u00ebrruar qeverin\u00eb n\u00eb nj\u00eb struktur\u00eb kriminale, nd\u00ebrkoh\u00eb q\u00eb ftoi socialist\u00ebt q\u00eb t\u00eb q\u00ebndrojn\u00eb n\u00eb an\u00ebn e qytetar\u00ebve dhe t\u00eb idealit p\u00ebr nj\u00eb Shqip\u00ebri t\u00eb drejt\u00eb dhe demokratike.<\/p>\n<p><strong>Alban Tirana: P\u00ebrsh\u00ebndetje Doktor, jam nj\u00eb socialist dhe m\u00eb vjen shum\u00eb keq ku \u00ebsht\u00eb katandisur PS e Fatos Nanos dhe shum\u00eb akademik\u00ebve dhe profesor\u00ebve q\u00eb jan\u00eb z\u00ebvend\u00ebsuar me Zeqinet\u00eb e Ram\u00ebs. M\u00eb vjen shum\u00eb keq p\u00ebr partin\u00eb time q\u00eb e ka mbuluar krimi dhe korrupsioni.<\/strong><\/p>\n<p><strong>Sali Berisha:<\/strong> P\u00ebrsh\u00ebndetje Alban, n\u00eb vitin 2013, kur Edi Rama erdhi n\u00eb pushtet pas nj\u00eb rotacioni, d\u00ebshmi e funksionimit t\u00eb demokracis\u00eb, n\u00eb parlament un\u00eb i jam drejtuar me k\u00ebto fjal\u00eb: Lidhjet e tua me krimin jan\u00eb universalisht t\u00eb njohura, por qytetar\u00ebt shqiptar\u00eb u votuan dhe do t\u00eb thot\u00eb se u amnistuan p\u00ebr lidhjet q\u00eb keni me krimin. Jam i sigurt se edhe Brukseli do t\u00eb amnistoj\u00eb, do t\u00eb pranoj\u00eb verdiktin e qytetar\u00ebve shqiptar\u00eb.<br \/>\nPor, gjith\u00e7ka do t\u00eb p\u00ebrcaktohet nga q\u00ebndrimi yt ndaj krimit t\u00eb organizuar.<br \/>\nDo i pres\u00ebsh ti lidhjet me krimin dhe bandat, ky do jet\u00eb nj\u00eb zhvillim shum\u00eb i mir\u00eb p\u00ebr Shqip\u00ebrin\u00eb dhe shqiptar\u00ebt.<br \/>\nDo i forcosh dhe do p\u00ebrdor\u00ebsh pushtetin p\u00ebr t\u2019i forcuar ato, kjo do jet\u00eb nj\u00eb tragjedi.<br \/>\nE v\u00ebrteta \u00ebsht\u00eb se, ai p\u00ebrdori t\u00eb gjith\u00eb pushtetin e tij p\u00ebr t\u00eb forcuar gjithnj\u00eb e m\u00eb shum\u00eb lidhjet me bandat gjersa e shnd\u00ebrroi qeverin\u00eb e tij n\u00eb nj\u00eb organizat\u00eb t\u00eb mir\u00ebfillt\u00eb kriminale.<br \/>\nNdaj dhe un\u00eb, ftoj \u00e7do socialist t\u00eb ndersh\u00ebm q\u00eb ka idealet e tij t\u00eb bashkohemi t\u00eb heqim k\u00ebt\u00eb t\u00eb keqe t\u00eb madhe q\u00eb Shqip\u00ebria nuk e ka pasur kurr\u00eb n\u00eb krye pas Enver Hoxh\u00ebs.<\/p>\n","protected":false},"excerpt":{"rendered":"<p>Kryetari i PD, Sali Berisha, n\u00eb nj\u00eb bashk\u00ebbisedim me qytetar\u00ebt n\u00eb rrjetet sociale ftoi \u00e7do socialist t\u00eb ndersh\u00ebm t\u00eb bashkohet me opozit\u00ebn p\u00ebr t\u00eb larguar \u201ct\u00eb keqen e madhe\u201d q\u00eb qeveria aktuale ka sjell\u00eb n\u00eb Shqip\u00ebri, duke e cil\u00ebsuar situat\u00ebn si m\u00eb t\u00eb r\u00ebnd\u00ebn q\u00eb vendi ka pasur pas periudh\u00ebs s\u00eb Enver Hoxh\u00ebs. Berisha kritikoi &hellip;<\/p>\n","protected":false},"author":4,"featured_media":137100,"comment_status":"closed","ping_status":"closed","sticky":false,"template":"","format":"standard","meta":{"footnotes":""},"categories":[37],"tags":[],"class_list":["post-137099","post","type-post","status-publish","format-standard","has-post-thumbnail","","category-politike"],"_links":{"self":[{"href":"https:\/\/rdnews.al\/index.php\/wp-json\/wp\/v2\/posts\/137099","targetHints":{"allow":["GET"]}}],"collection":[{"href":"https:\/\/rdnews.al\/index.php\/wp-json\/wp\/v2\/posts"}],"about":[{"href":"https:\/\/rdnews.al\/index.php\/wp-json\/wp\/v2\/types\/post"}],"author":[{"embeddable":true,"href":"https:\/\/rdnews.al\/index.php\/wp-json\/wp\/v2\/users\/4"}],"replies":[{"embeddable":true,"href":"https:\/\/rdnews.al\/index.php\/wp-json\/wp\/v2\/comments?post=137099"}],"version-history":[{"count":2,"href":"https:\/\/rdnews.al\/index.php\/wp-json\/wp\/v2\/posts\/137099\/revisions"}],"predecessor-version":[{"id":137102,"href":"https:\/\/rdnews.al\/index.php\/wp-json\/wp\/v2\/posts\/137099\/revisions\/137102"}],"wp:featuredmedia":[{"embeddable":true,"href":"https:\/\/rdnews.al\/index.php\/wp-json\/wp\/v2\/media\/137100"}],"wp:attachment":[{"href":"https:\/\/rdnews.al\/index.php\/wp-json\/wp\/v2\/media?parent=137099"}],"wp:term":[{"taxonomy":"category","embeddable":true,"href":"https:\/\/rdnews.al\/index.php\/wp-json\/wp\/v2\/categories?post=137099"},{"taxonomy":"post_tag","embeddable":true,"href":"https:\/\/rdnews.al\/index.php\/wp-json\/wp\/v2\/tags?post=137099"}],"curies":[{"name":"wp","href":"https:\/\/api.w.org\/{rel}","templated":true}]}}