{"id":13711,"date":"2022-05-28T18:59:32","date_gmt":"2022-05-28T18:59:32","guid":{"rendered":"https:\/\/rdnews.al\/?p=13711"},"modified":"2022-05-28T18:59:32","modified_gmt":"2022-05-28T18:59:32","slug":"me-3-qershor-mbledhja-e-keshillit-kombetar-te-pd-agjenda","status":"publish","type":"post","link":"https:\/\/rdnews.al\/index.php\/2022\/05\/28\/me-3-qershor-mbledhja-e-keshillit-kombetar-te-pd-agjenda\/","title":{"rendered":"M\u00eb 3 qershor mbledhja e K\u00ebshillit Komb\u00ebtar t\u00eb PD, agjenda"},"content":{"rendered":"<p>K\u00ebshilli Komb\u00ebtar i Partis\u00eb Demokratike do t\u00eb mblidhet dit\u00ebn e premte, 3 qershor 2022. Sipas njoftimit t\u00eb zyr\u00ebs s\u00eb shtypit do t\u00eb mbahen zgjedhjet n\u00eb disa funksione drejtuese t\u00eb PD dhe ngritja e institucioneve t\u00eb tjera sipas p\u00ebrcaktimit n\u00eb Statutin e PD.<\/p>\n<p>Lajmin e ka b\u00ebr\u00eb me dije kreu i K\u00ebshillit Komb\u00ebtar t\u00eb PD, Edi Paloka. Vlen t\u00eb theksojm\u00eb se sot u zgjodh\u00ebn 20 emrat e Kryesis\u00eb s\u00eb re t\u00eb Partis\u00eb Demokratike.<\/p>\n<p>Emrat m\u00eb t\u00eb votuar n\u00eb Kryesin\u00eb e re jan\u00eb Belind K\u00eblli\u00e7i nga burrat me 192 vota, nd\u00ebrsa nga grat\u00eb m\u00eb e mb\u00ebshtetura \u00ebsht\u00eb Fatbardha Kadiu me 141 vota.<\/p>\n<p>Belind K\u00eblli\u00e7i mori 192 vota, i ndjekur nga Flamur Noka me 166 vota dhe Oerd Bylykbashi me 148 vota. Nd\u00ebrkoh\u00eb votat p\u00ebr ish Presidentin Bujar Nishani nuk u num\u00ebruan pas lajmit p\u00ebr ndarjen e tij nga jeta.<\/p>\n<p><strong>Njoftimi\u00a0<\/strong><\/p>\n<p>Njoftim p\u00ebr mbledhjen e K\u00ebshillit Komb\u00ebtar t\u00eb Partis\u00eb Demokratike! Dit\u00ebn e premte, m\u00eb dat\u00eb 3 qershor, ora 17.00, do t\u00eb mblidhet K\u00ebshilli Komb\u00ebtar i PD.<\/p>\n<p>N\u00eb rend t\u00eb dit\u00ebs do t\u00eb jen\u00eb zgjedhjet n\u00eb disa funksione drejtuese t\u00eb PD dhe ngritja e institucioneve t\u00eb tjera sipas p\u00ebrcaktimit n\u00eb Statutin e PD.<\/p>\n<p>Edi Paloka<br \/>\nKryetar i K\u00ebshillit Komb\u00ebtar t\u00eb PD<\/p>\n","protected":false},"excerpt":{"rendered":"<p>K\u00ebshilli Komb\u00ebtar i Partis\u00eb Demokratike do t\u00eb mblidhet dit\u00ebn e premte, 3 qershor 2022. Sipas njoftimit t\u00eb zyr\u00ebs s\u00eb shtypit do t\u00eb mbahen zgjedhjet n\u00eb disa funksione drejtuese t\u00eb PD dhe ngritja e institucioneve t\u00eb tjera sipas p\u00ebrcaktimit n\u00eb Statutin e PD. Lajmin e ka b\u00ebr\u00eb me dije kreu i K\u00ebshillit Komb\u00ebtar t\u00eb PD, Edi &hellip;<\/p>\n","protected":false},"author":4,"featured_media":13683,"comment_status":"open","ping_status":"open","sticky":false,"template":"","format":"standard","meta":{"footnotes":""},"categories":[37],"tags":[],"class_list":["post-13711","post","type-post","status-publish","format-standard","has-post-thumbnail","","category-politike"],"_links":{"self":[{"href":"https:\/\/rdnews.al\/index.php\/wp-json\/wp\/v2\/posts\/13711","targetHints":{"allow":["GET"]}}],"collection":[{"href":"https:\/\/rdnews.al\/index.php\/wp-json\/wp\/v2\/posts"}],"about":[{"href":"https:\/\/rdnews.al\/index.php\/wp-json\/wp\/v2\/types\/post"}],"author":[{"embeddable":true,"href":"https:\/\/rdnews.al\/index.php\/wp-json\/wp\/v2\/users\/4"}],"replies":[{"embeddable":true,"href":"https:\/\/rdnews.al\/index.php\/wp-json\/wp\/v2\/comments?post=13711"}],"version-history":[{"count":0,"href":"https:\/\/rdnews.al\/index.php\/wp-json\/wp\/v2\/posts\/13711\/revisions"}],"wp:featuredmedia":[{"embeddable":true,"href":"https:\/\/rdnews.al\/index.php\/wp-json\/wp\/v2\/media\/13683"}],"wp:attachment":[{"href":"https:\/\/rdnews.al\/index.php\/wp-json\/wp\/v2\/media?parent=13711"}],"wp:term":[{"taxonomy":"category","embeddable":true,"href":"https:\/\/rdnews.al\/index.php\/wp-json\/wp\/v2\/categories?post=13711"},{"taxonomy":"post_tag","embeddable":true,"href":"https:\/\/rdnews.al\/index.php\/wp-json\/wp\/v2\/tags?post=13711"}],"curies":[{"name":"wp","href":"https:\/\/api.w.org\/{rel}","templated":true}]}}