{"id":137112,"date":"2026-02-28T17:37:10","date_gmt":"2026-02-28T17:37:10","guid":{"rendered":"https:\/\/rdnews.al\/?p=137112"},"modified":"2026-02-28T17:37:55","modified_gmt":"2026-02-28T17:37:55","slug":"balliu-selia-e-ps-eshte-blinduar-aty-po-fshihen-ata-qe-kane-vjedhur","status":"publish","type":"post","link":"https:\/\/rdnews.al\/index.php\/2026\/02\/28\/balliu-selia-e-ps-eshte-blinduar-aty-po-fshihen-ata-qe-kane-vjedhur\/","title":{"rendered":"Protesta\/ Balliu: Selia e PS \u00ebsht\u00eb blinduar, aty po fshihen ata q\u00eb kan\u00eb vjedhur!"},"content":{"rendered":"<p>Deputeti Klevis Balliu nuk i ka kursyer ironit\u00eb p\u00ebr qeverin\u00eb, teksa pritet t\u00eb nis\u00eb protesta e opozit\u00ebs.<\/p>\n<p>Ai tha p\u00ebr News24 se selia e PS-s\u00eb \u00ebsht\u00eb e blinduar dhe aty po fshihen ata q\u00eb kan\u00eb vjedhur. Ai i b\u00ebri thirrje policis\u00eb q\u00eb t\u00eb shkoj\u00eb n\u00eb at\u00eb godin\u00eb dhe t\u00eb arrestoj\u00eb hajdut\u00ebt.<\/p>\n<p><em>\u201cAty ku ka hajdut\u00eb blindohet, njer\u00ebzit e thjesht\u00eb dalin n\u00eb shesh, aty jan\u00eb ata q\u00eb bashk\u00ebpunojn\u00eb me krimin e organizuar, me AKSHI, dhe hajdut\u00ebt e parave t\u00eb qytetar\u00ebve. K\u00ebta fshihen. Thirrje policis\u00eb: Nuk keni pun\u00eb me protestuesit, I dini ku jan\u00eb hajdut\u00ebtm arrestojini. Por ne nuk kemi polici, kemi nj\u00eb narko Komisar Ilir Prod\u00ebn.<\/em><br \/>\n<em>Nuk kemi fjalime sepse nuk ka m\u00eb kuptim t\u00eb flasim e t\u00eb diskutojm\u00eb kur provat jan\u00eb aty\u201d<\/em>, tha ai.<\/p>\n","protected":false},"excerpt":{"rendered":"<p>Deputeti Klevis Balliu nuk i ka kursyer ironit\u00eb p\u00ebr qeverin\u00eb, teksa pritet t\u00eb nis\u00eb protesta e opozit\u00ebs. Ai tha p\u00ebr News24 se selia e PS-s\u00eb \u00ebsht\u00eb e blinduar dhe aty po fshihen ata q\u00eb kan\u00eb vjedhur. Ai i b\u00ebri thirrje policis\u00eb q\u00eb t\u00eb shkoj\u00eb n\u00eb at\u00eb godin\u00eb dhe t\u00eb arrestoj\u00eb hajdut\u00ebt. \u201cAty ku ka hajdut\u00eb &hellip;<\/p>\n","protected":false},"author":4,"featured_media":137113,"comment_status":"closed","ping_status":"closed","sticky":false,"template":"","format":"standard","meta":{"footnotes":""},"categories":[37],"tags":[],"class_list":["post-137112","post","type-post","status-publish","format-standard","has-post-thumbnail","","category-politike"],"_links":{"self":[{"href":"https:\/\/rdnews.al\/index.php\/wp-json\/wp\/v2\/posts\/137112","targetHints":{"allow":["GET"]}}],"collection":[{"href":"https:\/\/rdnews.al\/index.php\/wp-json\/wp\/v2\/posts"}],"about":[{"href":"https:\/\/rdnews.al\/index.php\/wp-json\/wp\/v2\/types\/post"}],"author":[{"embeddable":true,"href":"https:\/\/rdnews.al\/index.php\/wp-json\/wp\/v2\/users\/4"}],"replies":[{"embeddable":true,"href":"https:\/\/rdnews.al\/index.php\/wp-json\/wp\/v2\/comments?post=137112"}],"version-history":[{"count":2,"href":"https:\/\/rdnews.al\/index.php\/wp-json\/wp\/v2\/posts\/137112\/revisions"}],"predecessor-version":[{"id":137115,"href":"https:\/\/rdnews.al\/index.php\/wp-json\/wp\/v2\/posts\/137112\/revisions\/137115"}],"wp:featuredmedia":[{"embeddable":true,"href":"https:\/\/rdnews.al\/index.php\/wp-json\/wp\/v2\/media\/137113"}],"wp:attachment":[{"href":"https:\/\/rdnews.al\/index.php\/wp-json\/wp\/v2\/media?parent=137112"}],"wp:term":[{"taxonomy":"category","embeddable":true,"href":"https:\/\/rdnews.al\/index.php\/wp-json\/wp\/v2\/categories?post=137112"},{"taxonomy":"post_tag","embeddable":true,"href":"https:\/\/rdnews.al\/index.php\/wp-json\/wp\/v2\/tags?post=137112"}],"curies":[{"name":"wp","href":"https:\/\/api.w.org\/{rel}","templated":true}]}}