{"id":137116,"date":"2026-02-28T17:51:02","date_gmt":"2026-02-28T17:51:02","guid":{"rendered":"https:\/\/rdnews.al\/?p=137116"},"modified":"2026-02-28T17:51:02","modified_gmt":"2026-02-28T17:51:02","slug":"protesta-mijera-qytetare-mbushin-bulevardin-rrethohet-kryeministria","status":"publish","type":"post","link":"https:\/\/rdnews.al\/index.php\/2026\/02\/28\/protesta-mijera-qytetare-mbushin-bulevardin-rrethohet-kryeministria\/","title":{"rendered":"Protesta\/ Mij\u00ebra qytetar\u00eb mbushin Bulevardin, rrethohet kryeministria!"},"content":{"rendered":"<p>Ka nisur protesta marshim e thirrur nga opozita. Qytetar\u00eb t\u00eb shumt\u00eb jan\u00eb bashkuar p\u00ebrpara Kryeministris\u00eb nd\u00ebrsa drejtohen nga\u00a0Sali Berisha dhe deputet\u00eb t\u00eb tjer\u00eb demokrat\u00eb.<\/p>\n<p>Protestuesit jan\u00eb pozicionuar para kryeministris\u00eb duke k\u00ebrkuar dor\u00ebheqjen e Ram\u00ebs.<\/p>\n","protected":false},"excerpt":{"rendered":"<p>Ka nisur protesta marshim e thirrur nga opozita. Qytetar\u00eb t\u00eb shumt\u00eb jan\u00eb bashkuar p\u00ebrpara Kryeministris\u00eb nd\u00ebrsa drejtohen nga\u00a0Sali Berisha dhe deputet\u00eb t\u00eb tjer\u00eb demokrat\u00eb. Protestuesit jan\u00eb pozicionuar para kryeministris\u00eb duke k\u00ebrkuar dor\u00ebheqjen e Ram\u00ebs.<\/p>\n","protected":false},"author":4,"featured_media":136074,"comment_status":"closed","ping_status":"closed","sticky":false,"template":"","format":"standard","meta":{"footnotes":""},"categories":[37],"tags":[],"class_list":["post-137116","post","type-post","status-publish","format-standard","has-post-thumbnail","","category-politike"],"_links":{"self":[{"href":"https:\/\/rdnews.al\/index.php\/wp-json\/wp\/v2\/posts\/137116","targetHints":{"allow":["GET"]}}],"collection":[{"href":"https:\/\/rdnews.al\/index.php\/wp-json\/wp\/v2\/posts"}],"about":[{"href":"https:\/\/rdnews.al\/index.php\/wp-json\/wp\/v2\/types\/post"}],"author":[{"embeddable":true,"href":"https:\/\/rdnews.al\/index.php\/wp-json\/wp\/v2\/users\/4"}],"replies":[{"embeddable":true,"href":"https:\/\/rdnews.al\/index.php\/wp-json\/wp\/v2\/comments?post=137116"}],"version-history":[{"count":1,"href":"https:\/\/rdnews.al\/index.php\/wp-json\/wp\/v2\/posts\/137116\/revisions"}],"predecessor-version":[{"id":137117,"href":"https:\/\/rdnews.al\/index.php\/wp-json\/wp\/v2\/posts\/137116\/revisions\/137117"}],"wp:featuredmedia":[{"embeddable":true,"href":"https:\/\/rdnews.al\/index.php\/wp-json\/wp\/v2\/media\/136074"}],"wp:attachment":[{"href":"https:\/\/rdnews.al\/index.php\/wp-json\/wp\/v2\/media?parent=137116"}],"wp:term":[{"taxonomy":"category","embeddable":true,"href":"https:\/\/rdnews.al\/index.php\/wp-json\/wp\/v2\/categories?post=137116"},{"taxonomy":"post_tag","embeddable":true,"href":"https:\/\/rdnews.al\/index.php\/wp-json\/wp\/v2\/tags?post=137116"}],"curies":[{"name":"wp","href":"https:\/\/api.w.org\/{rel}","templated":true}]}}