{"id":137118,"date":"2026-02-28T17:58:42","date_gmt":"2026-02-28T17:58:42","guid":{"rendered":"https:\/\/rdnews.al\/?p=137118"},"modified":"2026-02-28T17:58:42","modified_gmt":"2026-02-28T17:58:42","slug":"tabaku-nderkombetaret-jane-ndergjegjesuar-per-here-te-pare-shqiperia-permendet-per-ceshtje-sigurie","status":"publish","type":"post","link":"https:\/\/rdnews.al\/index.php\/2026\/02\/28\/tabaku-nderkombetaret-jane-ndergjegjesuar-per-here-te-pare-shqiperia-permendet-per-ceshtje-sigurie\/","title":{"rendered":"Tabaku: Nd\u00ebrkomb\u00ebtar\u00ebt jan\u00eb nd\u00ebrgjegj\u00ebsuar, p\u00ebr her\u00eb t\u00eb par\u00eb Shqip\u00ebria p\u00ebrmendet p\u00ebr \u00e7\u00ebshtje sigurie"},"content":{"rendered":"<p>Deputetja e PD, Jorida Tabaku tha nga sheshi para kryeministris\u00eb se ndryshimi i gjysm\u00ebs s\u00eb qeveris\u00eb nga Rama, 5 muaj pas nisjes s\u00eb mandatit ka ardhur nga presioni i opozit\u00ebs p\u00ebrmes protestave, por edhe nd\u00ebrgjegj\u00ebsimit nd\u00ebrkomb\u00ebtar.<\/p>\n<p>Tabaku gjat\u00eb nj\u00eb intervist\u00eb p\u00ebr A2CNN vuri n\u00eb dukje se mesazhi kryesor i nd\u00ebrkomb\u00ebtar\u00ebve, duke p\u00ebrfshir\u00eb McAllister-in ka qen\u00eb zbatimi i reform\u00ebs n\u00eb drejt\u00ebsi.<\/p>\n<p>\u201cP\u00ebr mua jan\u00eb t\u00eb gjith\u00eb emra q\u00eb shkojn\u00eb e vijn\u00eb, ai q\u00eb e mban sistemin n\u00eb k\u00ebmb\u00eb \u00ebsht\u00eb Edi Rama dhe kund\u00ebr tij jemi, s\u2019merremi me emra individual\u00eb. Nj\u00eb qeveri q\u00eb ndryshohet 5 muaj pas nisjes s\u00eb mandatit t\u00eb saj, t\u00eb gjith\u00eb e kuptojn\u00eb q\u00eb ka presion qytetar\u00ebve dhe opozit\u00ebs dhe nd\u00ebrgjegj\u00ebsim nd\u00ebrkomb\u00ebtar nga protestat, ka ardhur edhe si rezultat i detyrimeve t\u00eb procesit t\u00eb integrimit. McAllister tha se hap\u00ebsirat e opozit\u00ebs n\u00eb Parlament jan\u00eb t\u00eb ngushtuara. Mesazhi kryesor q\u00eb tha \u00ebsht\u00eb q\u00eb reforma n\u00eb drejt\u00ebsi duhet zbatuar pa hezitim. P\u00ebr her\u00eb t\u00eb par\u00eb Shqip\u00ebria p\u00ebrmendet p\u00ebr \u00e7\u00ebshtje sigurie, dhe fokusi \u00ebsht\u00eb qeveria, jo opozita\u201d, tha Tabaku.<\/p>\n<p>Lidhur me editorialin Rama-Vu\u00e7i\u00e7, dhe q\u00ebndrimin e kryeministrit shqiptar n\u00eb raport me BE-n\u00eb, Tabaku tha: \u201cKur kan\u00eb 12 vite q\u00eb thon\u00eb se integrimi po vjen, ne shohim q\u00eb qeveria shqiptare ngre duart edhe thot\u00eb s\u2019e arrijm\u00eb dot. Thot\u00eb q\u00eb ne jemi t\u00eb gatsh\u00ebm t\u00eb jemi aneks i p\u00ebrhersh\u00ebm, q\u00eb qytetar\u00ebt shqiptar\u00eb t\u00eb jen\u00eb t\u00eb dor\u00ebs s\u00eb dyt\u00eb\u201d.<\/p>\n","protected":false},"excerpt":{"rendered":"<p>Deputetja e PD, Jorida Tabaku tha nga sheshi para kryeministris\u00eb se ndryshimi i gjysm\u00ebs s\u00eb qeveris\u00eb nga Rama, 5 muaj pas nisjes s\u00eb mandatit ka ardhur nga presioni i opozit\u00ebs p\u00ebrmes protestave, por edhe nd\u00ebrgjegj\u00ebsimit nd\u00ebrkomb\u00ebtar. Tabaku gjat\u00eb nj\u00eb intervist\u00eb p\u00ebr A2CNN vuri n\u00eb dukje se mesazhi kryesor i nd\u00ebrkomb\u00ebtar\u00ebve, duke p\u00ebrfshir\u00eb McAllister-in ka qen\u00eb &hellip;<\/p>\n","protected":false},"author":4,"featured_media":137119,"comment_status":"closed","ping_status":"closed","sticky":false,"template":"","format":"standard","meta":{"footnotes":""},"categories":[37],"tags":[],"class_list":["post-137118","post","type-post","status-publish","format-standard","has-post-thumbnail","","category-politike"],"_links":{"self":[{"href":"https:\/\/rdnews.al\/index.php\/wp-json\/wp\/v2\/posts\/137118","targetHints":{"allow":["GET"]}}],"collection":[{"href":"https:\/\/rdnews.al\/index.php\/wp-json\/wp\/v2\/posts"}],"about":[{"href":"https:\/\/rdnews.al\/index.php\/wp-json\/wp\/v2\/types\/post"}],"author":[{"embeddable":true,"href":"https:\/\/rdnews.al\/index.php\/wp-json\/wp\/v2\/users\/4"}],"replies":[{"embeddable":true,"href":"https:\/\/rdnews.al\/index.php\/wp-json\/wp\/v2\/comments?post=137118"}],"version-history":[{"count":1,"href":"https:\/\/rdnews.al\/index.php\/wp-json\/wp\/v2\/posts\/137118\/revisions"}],"predecessor-version":[{"id":137120,"href":"https:\/\/rdnews.al\/index.php\/wp-json\/wp\/v2\/posts\/137118\/revisions\/137120"}],"wp:featuredmedia":[{"embeddable":true,"href":"https:\/\/rdnews.al\/index.php\/wp-json\/wp\/v2\/media\/137119"}],"wp:attachment":[{"href":"https:\/\/rdnews.al\/index.php\/wp-json\/wp\/v2\/media?parent=137118"}],"wp:term":[{"taxonomy":"category","embeddable":true,"href":"https:\/\/rdnews.al\/index.php\/wp-json\/wp\/v2\/categories?post=137118"},{"taxonomy":"post_tag","embeddable":true,"href":"https:\/\/rdnews.al\/index.php\/wp-json\/wp\/v2\/tags?post=137118"}],"curies":[{"name":"wp","href":"https:\/\/api.w.org\/{rel}","templated":true}]}}