{"id":137121,"date":"2026-02-28T18:06:01","date_gmt":"2026-02-28T18:06:01","guid":{"rendered":"https:\/\/rdnews.al\/?p=137121"},"modified":"2026-02-28T18:06:01","modified_gmt":"2026-02-28T18:06:01","slug":"protestuesit-me-pankarta-kunder-ballukut-brohorasin-rama-ik","status":"publish","type":"post","link":"https:\/\/rdnews.al\/index.php\/2026\/02\/28\/protestuesit-me-pankarta-kunder-ballukut-brohorasin-rama-ik\/","title":{"rendered":"Protestuesit me pankarta kund\u00ebr Ballukut brohorasin \u201cRama ik\u201d!"},"content":{"rendered":"<p>Protesta e thirrur nga Partia Demokratike ka nisur pa fjalime nga drejtuesit politik\u00eb, nd\u00ebrsa pjes\u00ebmarrja \u00ebsht\u00eb karakterizuar nga prania e grupeve t\u00eb t\u00eb rinjve, disa prej tyre t\u00eb veshur me kapu\u00e7\u00eb t\u00eb zinj dhe t\u00eb pozicionuar n\u00eb radh\u00ebt e para t\u00eb tubimit.<\/p>\n<p>Protestuesit shfaqen duke mbajtur pankarta me mesazhe t\u00eb drejtp\u00ebrdrejta kund\u00ebr Belinda Ballukut dhe brohorasin \u201cRama ik\u201d!<\/p>\n<p>Forca t\u00eb shumta policie kan\u00eb qen\u00eb t\u00eb pranishme n\u00eb perimetrin e protest\u00ebs p\u00ebr t\u00eb garantuar rendin dhe sigurin\u00eb.<\/p>\n","protected":false},"excerpt":{"rendered":"<p>Protesta e thirrur nga Partia Demokratike ka nisur pa fjalime nga drejtuesit politik\u00eb, nd\u00ebrsa pjes\u00ebmarrja \u00ebsht\u00eb karakterizuar nga prania e grupeve t\u00eb t\u00eb rinjve, disa prej tyre t\u00eb veshur me kapu\u00e7\u00eb t\u00eb zinj dhe t\u00eb pozicionuar n\u00eb radh\u00ebt e para t\u00eb tubimit. Protestuesit shfaqen duke mbajtur pankarta me mesazhe t\u00eb drejtp\u00ebrdrejta kund\u00ebr Belinda Ballukut dhe &hellip;<\/p>\n","protected":false},"author":4,"featured_media":137122,"comment_status":"closed","ping_status":"closed","sticky":false,"template":"","format":"standard","meta":{"footnotes":""},"categories":[37],"tags":[],"class_list":["post-137121","post","type-post","status-publish","format-standard","has-post-thumbnail","","category-politike"],"_links":{"self":[{"href":"https:\/\/rdnews.al\/index.php\/wp-json\/wp\/v2\/posts\/137121","targetHints":{"allow":["GET"]}}],"collection":[{"href":"https:\/\/rdnews.al\/index.php\/wp-json\/wp\/v2\/posts"}],"about":[{"href":"https:\/\/rdnews.al\/index.php\/wp-json\/wp\/v2\/types\/post"}],"author":[{"embeddable":true,"href":"https:\/\/rdnews.al\/index.php\/wp-json\/wp\/v2\/users\/4"}],"replies":[{"embeddable":true,"href":"https:\/\/rdnews.al\/index.php\/wp-json\/wp\/v2\/comments?post=137121"}],"version-history":[{"count":1,"href":"https:\/\/rdnews.al\/index.php\/wp-json\/wp\/v2\/posts\/137121\/revisions"}],"predecessor-version":[{"id":137123,"href":"https:\/\/rdnews.al\/index.php\/wp-json\/wp\/v2\/posts\/137121\/revisions\/137123"}],"wp:featuredmedia":[{"embeddable":true,"href":"https:\/\/rdnews.al\/index.php\/wp-json\/wp\/v2\/media\/137122"}],"wp:attachment":[{"href":"https:\/\/rdnews.al\/index.php\/wp-json\/wp\/v2\/media?parent=137121"}],"wp:term":[{"taxonomy":"category","embeddable":true,"href":"https:\/\/rdnews.al\/index.php\/wp-json\/wp\/v2\/categories?post=137121"},{"taxonomy":"post_tag","embeddable":true,"href":"https:\/\/rdnews.al\/index.php\/wp-json\/wp\/v2\/tags?post=137121"}],"curies":[{"name":"wp","href":"https:\/\/api.w.org\/{rel}","templated":true}]}}