{"id":137124,"date":"2026-02-28T18:12:42","date_gmt":"2026-02-28T18:12:42","guid":{"rendered":"https:\/\/rdnews.al\/?p=137124"},"modified":"2026-02-28T18:12:42","modified_gmt":"2026-02-28T18:12:42","slug":"protestuesit-marshojne-drejt-drejtorise-se-pergjithshme-te-policise","status":"publish","type":"post","link":"https:\/\/rdnews.al\/index.php\/2026\/02\/28\/protestuesit-marshojne-drejt-drejtorise-se-pergjithshme-te-policise\/","title":{"rendered":"Protestuesit marshojn\u00eb drejt Drejtoris\u00eb s\u00eb P\u00ebrgjithshme t\u00eb Policis\u00eb"},"content":{"rendered":"<p>Protesta masive e opozit\u00ebs ka nisur ndryshe k\u00ebt\u00eb her\u00eb. Qytetar\u00ebt jan\u00eb derdhur n\u00eb rrug\u00ebt e Tiran\u00ebs, duke u grumbulluar fillimisht p\u00ebrpara Kryeministris\u00eb. M\u00eb pas, nga aty ka nisur nj\u00eb marshim n\u00eb kryeqytet, i cili pritet t\u00eb vijoj\u00eb drejt Drejtoris\u00eb s\u00eb P\u00ebrgjithshme t\u00eb Policis\u00eb, me ndalesa t\u00eb tjera n\u00eb institucione shtet\u00ebrore.<\/p>\n<p>Opozita k\u00ebrkon dor\u00ebheqjen e Edi Ram\u00ebs\u00a0dhe ngritjen e nj\u00eb qeverie teknike p\u00ebr zhvillimin e zgjedhjeve t\u00eb lira dhe t\u00eb ndershme. Ndryshe nga her\u00ebt e tjera, kur protestat jan\u00eb shoq\u00ebruar me fjalime t\u00eb p\u00ebrfaq\u00ebsuesve t\u00eb opozit\u00ebs dhe shoq\u00ebris\u00eb civile, protesta komb\u00ebtare e mbr\u00ebmjes s\u00eb sotme duket se i \u00ebsht\u00eb l\u00ebn\u00eb n\u00eb dor\u00eb qytetar\u00ebve, sipas nj\u00eb skenari t\u00eb qart\u00eb marshimi.<\/p>\n<p>Protest\u00ebs komb\u00ebtare i jan\u00eb bashkuar mij\u00ebra qytetar\u00eb, n\u00ebn thirrjet \u201cRama ik\u201d dhe \u201cEdi Rama n\u00eb burg\u201d. Me flamuj komb\u00ebtar\u00eb, t\u00eb Shteteve t\u00eb Bashkuara t\u00eb Amerik\u00ebs dhe t\u00eb Bashkimit Europian, protesta \u00ebsht\u00eb shoq\u00ebruar nga brohorima t\u00eb vazhdueshme, nd\u00ebrsa marshimi drejt institucioneve pritet t\u00eb vijoj\u00eb edhe n\u00eb or\u00ebt n\u00eb vijim.<\/p>\n","protected":false},"excerpt":{"rendered":"<p>Protesta masive e opozit\u00ebs ka nisur ndryshe k\u00ebt\u00eb her\u00eb. Qytetar\u00ebt jan\u00eb derdhur n\u00eb rrug\u00ebt e Tiran\u00ebs, duke u grumbulluar fillimisht p\u00ebrpara Kryeministris\u00eb. M\u00eb pas, nga aty ka nisur nj\u00eb marshim n\u00eb kryeqytet, i cili pritet t\u00eb vijoj\u00eb drejt Drejtoris\u00eb s\u00eb P\u00ebrgjithshme t\u00eb Policis\u00eb, me ndalesa t\u00eb tjera n\u00eb institucione shtet\u00ebrore. Opozita k\u00ebrkon dor\u00ebheqjen e Edi &hellip;<\/p>\n","protected":false},"author":4,"featured_media":137018,"comment_status":"closed","ping_status":"closed","sticky":false,"template":"","format":"standard","meta":{"footnotes":""},"categories":[37],"tags":[],"class_list":["post-137124","post","type-post","status-publish","format-standard","has-post-thumbnail","","category-politike"],"_links":{"self":[{"href":"https:\/\/rdnews.al\/index.php\/wp-json\/wp\/v2\/posts\/137124","targetHints":{"allow":["GET"]}}],"collection":[{"href":"https:\/\/rdnews.al\/index.php\/wp-json\/wp\/v2\/posts"}],"about":[{"href":"https:\/\/rdnews.al\/index.php\/wp-json\/wp\/v2\/types\/post"}],"author":[{"embeddable":true,"href":"https:\/\/rdnews.al\/index.php\/wp-json\/wp\/v2\/users\/4"}],"replies":[{"embeddable":true,"href":"https:\/\/rdnews.al\/index.php\/wp-json\/wp\/v2\/comments?post=137124"}],"version-history":[{"count":1,"href":"https:\/\/rdnews.al\/index.php\/wp-json\/wp\/v2\/posts\/137124\/revisions"}],"predecessor-version":[{"id":137125,"href":"https:\/\/rdnews.al\/index.php\/wp-json\/wp\/v2\/posts\/137124\/revisions\/137125"}],"wp:featuredmedia":[{"embeddable":true,"href":"https:\/\/rdnews.al\/index.php\/wp-json\/wp\/v2\/media\/137018"}],"wp:attachment":[{"href":"https:\/\/rdnews.al\/index.php\/wp-json\/wp\/v2\/media?parent=137124"}],"wp:term":[{"taxonomy":"category","embeddable":true,"href":"https:\/\/rdnews.al\/index.php\/wp-json\/wp\/v2\/categories?post=137124"},{"taxonomy":"post_tag","embeddable":true,"href":"https:\/\/rdnews.al\/index.php\/wp-json\/wp\/v2\/tags?post=137124"}],"curies":[{"name":"wp","href":"https:\/\/api.w.org\/{rel}","templated":true}]}}