{"id":137126,"date":"2026-02-28T18:23:19","date_gmt":"2026-02-28T18:23:19","guid":{"rendered":"https:\/\/rdnews.al\/?p=137126"},"modified":"2026-02-28T18:39:58","modified_gmt":"2026-02-28T18:39:58","slug":"zemerim-dhe-revolte-ndaj-qeevrise-u-vihet-zjarri-koshave-te-mbeturinave-tek-policia-e-shtetit","status":"publish","type":"post","link":"https:\/\/rdnews.al\/index.php\/2026\/02\/28\/zemerim-dhe-revolte-ndaj-qeevrise-u-vihet-zjarri-koshave-te-mbeturinave-tek-policia-e-shtetit\/","title":{"rendered":"Zem\u00ebrim dhe revolt\u00eb, u vihet zjarri koshave t\u00eb mbeturinave tek Policia e Shtetit"},"content":{"rendered":"<p>Protesta e opozit\u00ebs ka nisur ndryshe k\u00ebt\u00eb her\u00eb. Qytetar\u00ebt jan\u00eb derdhur n\u00eb rrug\u00ebt e Tiran\u00ebs, duke u grumbulluar fillimisht p\u00ebrpara Kryeministris\u00eb.<\/p>\n<p>Nd\u00ebrsa\u00a0protestuesit marshonin\u00a0nga Kryeministria drejt Drejtoris\u00eb s\u00eb P\u00ebrgjithshme t\u00eb policis\u00eb n\u00eb disa momente u dogj\u00ebn koshat e mbeturinave.<\/p>\n<p>Opozita k\u00ebrkon dor\u00ebheqjen e Edi Ram\u00ebs dhe ngritjen e nj\u00eb qeverie teknike p\u00ebr zhvillimin e zgjedhjeve t\u00eb lira dhe t\u00eb ndershme.<\/p>\n<p>Me flamuj komb\u00ebtar\u00eb, t\u00eb Shteteve t\u00eb Bashkuara t\u00eb Amerik\u00ebs dhe t\u00eb Bashkimit Europian, protesta \u00ebsht\u00eb shoq\u00ebruar nga brohorima t\u00eb vazhdueshme \u201cRama ik\u201d dhe \u201cEdi Rama n\u00eb burg\u201d!<\/p>\n<p><img decoding=\"async\" src=\"https:\/\/www.syri.net\/uploads\/syri.net\/images\/2026\/February\/28\/auto_Screenshot_251772302555.jpg\" alt=\"Protesta e opozit\u00ebs, u vihet zjarri koshave t\u00eb mbeturinave\" \/><\/p>\n","protected":false},"excerpt":{"rendered":"<p>Protesta e opozit\u00ebs ka nisur ndryshe k\u00ebt\u00eb her\u00eb. Qytetar\u00ebt jan\u00eb derdhur n\u00eb rrug\u00ebt e Tiran\u00ebs, duke u grumbulluar fillimisht p\u00ebrpara Kryeministris\u00eb. Nd\u00ebrsa\u00a0protestuesit marshonin\u00a0nga Kryeministria drejt Drejtoris\u00eb s\u00eb P\u00ebrgjithshme t\u00eb policis\u00eb n\u00eb disa momente u dogj\u00ebn koshat e mbeturinave. Opozita k\u00ebrkon dor\u00ebheqjen e Edi Ram\u00ebs dhe ngritjen e nj\u00eb qeverie teknike p\u00ebr zhvillimin e zgjedhjeve t\u00eb &hellip;<\/p>\n","protected":false},"author":4,"featured_media":137127,"comment_status":"closed","ping_status":"closed","sticky":false,"template":"","format":"standard","meta":{"footnotes":""},"categories":[37],"tags":[],"class_list":["post-137126","post","type-post","status-publish","format-standard","has-post-thumbnail","","category-politike"],"_links":{"self":[{"href":"https:\/\/rdnews.al\/index.php\/wp-json\/wp\/v2\/posts\/137126","targetHints":{"allow":["GET"]}}],"collection":[{"href":"https:\/\/rdnews.al\/index.php\/wp-json\/wp\/v2\/posts"}],"about":[{"href":"https:\/\/rdnews.al\/index.php\/wp-json\/wp\/v2\/types\/post"}],"author":[{"embeddable":true,"href":"https:\/\/rdnews.al\/index.php\/wp-json\/wp\/v2\/users\/4"}],"replies":[{"embeddable":true,"href":"https:\/\/rdnews.al\/index.php\/wp-json\/wp\/v2\/comments?post=137126"}],"version-history":[{"count":2,"href":"https:\/\/rdnews.al\/index.php\/wp-json\/wp\/v2\/posts\/137126\/revisions"}],"predecessor-version":[{"id":137139,"href":"https:\/\/rdnews.al\/index.php\/wp-json\/wp\/v2\/posts\/137126\/revisions\/137139"}],"wp:featuredmedia":[{"embeddable":true,"href":"https:\/\/rdnews.al\/index.php\/wp-json\/wp\/v2\/media\/137127"}],"wp:attachment":[{"href":"https:\/\/rdnews.al\/index.php\/wp-json\/wp\/v2\/media?parent=137126"}],"wp:term":[{"taxonomy":"category","embeddable":true,"href":"https:\/\/rdnews.al\/index.php\/wp-json\/wp\/v2\/categories?post=137126"},{"taxonomy":"post_tag","embeddable":true,"href":"https:\/\/rdnews.al\/index.php\/wp-json\/wp\/v2\/tags?post=137126"}],"curies":[{"name":"wp","href":"https:\/\/api.w.org\/{rel}","templated":true}]}}