{"id":137129,"date":"2026-02-28T18:29:04","date_gmt":"2026-02-28T18:29:04","guid":{"rendered":"https:\/\/rdnews.al\/?p=137129"},"modified":"2026-02-28T19:52:41","modified_gmt":"2026-02-28T19:52:41","slug":"berisha-asgje-nuk-e-mbron-edi-ramen-nga-kjo-revolte-popullore","status":"publish","type":"post","link":"https:\/\/rdnews.al\/index.php\/2026\/02\/28\/berisha-asgje-nuk-e-mbron-edi-ramen-nga-kjo-revolte-popullore\/","title":{"rendered":"Berisha: Asgj\u00eb nuk e mbron Edi Ram\u00ebn nga kjo revolt\u00eb popullore!"},"content":{"rendered":"<p>Kryetari i\u00a0PD, Sali Berisha b\u00ebri nj\u00eb deklarat\u00eb p\u00ebr gazetar\u00ebt\u00a0teska marshimi protest\u00eb vijon drejt Drejtoris\u00eb s\u00eb P\u00ebrgjithshme t\u00eb Policis\u00eb. Ai tha se, <em>asgj\u00eb nuk e mbron Edi Ram\u00ebn nga kjo revolt\u00eb popullore.<\/em><\/p>\n<p>Berisha shpjegoi dhe arsyen pse marshimi protest\u00eb po drejtohet drejt Drejtoris\u00eb s\u00eb P\u00ebrgjithshme t\u00eb Policis\u00eb.<\/p>\n<p>\u201cPra, kryengritja paq\u00ebsore e opozit\u00ebs sot ka form\u00ebn e nj\u00eb marshimi revolt\u00eb proteste n\u00eb rrug\u00ebt e Tiran\u00ebs p\u00ebr t\u00eb shprehur zem\u00ebrimin popullor ndaj kreut t\u00eb organizat\u00ebs kriminale t\u00eb qeveris\u00eb shqiptare dhe an\u00ebtar\u00ebve t\u00eb saj.<\/p>\n<p>Pra, p\u00ebr t\u2019i th\u00ebn\u00eb Edi Ram\u00ebs se jo nj\u00eb Lubi, po edhe 30 Lubi po t\u00eb largohesh, do jesh ti dhe vet\u00ebm ti objekti kryesor i revolt\u00ebs popullore.<\/p>\n<p>Do t\u00eb jet\u00eb Edi Rama dhe vet\u00ebm Edi Rama kazus i betej\u00ebs ton\u00eb gjer n\u00eb largimin e tij.<\/p>\n<p>\u00cbsht\u00eb Edi Rama gjeneratori i t\u00eb gjitha t\u00eb k\u00ebqijave t\u00eb lidhura me regjimin e tij.<\/p>\n<p>Ndaj dhe, largimi i nj\u00ebrit apo tjetrit, p\u00ebrb\u00ebjn\u00eb vet\u00ebm p\u00ebrpjekje t\u00eb d\u00ebshp\u00ebruara t\u00eb tij p\u00ebr t\u00eb ruajtur l\u00ebkur\u00ebn e tij.<\/p>\n<p>Asgj\u00eb nuk e mbron at\u00eb nga revolta popullore.<\/p>\n<p>&#8230;E ka ndonj\u00eb element t\u00eb till\u00eb&#8230; jan\u00eb shp\u00ebrthime t\u00eb revolt\u00ebs\u201d, u shpreh Berisha.<\/p>\n","protected":false},"excerpt":{"rendered":"<p>Kryetari i\u00a0PD, Sali Berisha b\u00ebri nj\u00eb deklarat\u00eb p\u00ebr gazetar\u00ebt\u00a0teska marshimi protest\u00eb vijon drejt Drejtoris\u00eb s\u00eb P\u00ebrgjithshme t\u00eb Policis\u00eb. Ai tha se, asgj\u00eb nuk e mbron Edi Ram\u00ebn nga kjo revolt\u00eb popullore. Berisha shpjegoi dhe arsyen pse marshimi protest\u00eb po drejtohet drejt Drejtoris\u00eb s\u00eb P\u00ebrgjithshme t\u00eb Policis\u00eb. \u201cPra, kryengritja paq\u00ebsore e opozit\u00ebs sot ka form\u00ebn e &hellip;<\/p>\n","protected":false},"author":4,"featured_media":137155,"comment_status":"closed","ping_status":"closed","sticky":false,"template":"","format":"standard","meta":{"footnotes":""},"categories":[37],"tags":[],"class_list":["post-137129","post","type-post","status-publish","format-standard","has-post-thumbnail","","category-politike"],"_links":{"self":[{"href":"https:\/\/rdnews.al\/index.php\/wp-json\/wp\/v2\/posts\/137129","targetHints":{"allow":["GET"]}}],"collection":[{"href":"https:\/\/rdnews.al\/index.php\/wp-json\/wp\/v2\/posts"}],"about":[{"href":"https:\/\/rdnews.al\/index.php\/wp-json\/wp\/v2\/types\/post"}],"author":[{"embeddable":true,"href":"https:\/\/rdnews.al\/index.php\/wp-json\/wp\/v2\/users\/4"}],"replies":[{"embeddable":true,"href":"https:\/\/rdnews.al\/index.php\/wp-json\/wp\/v2\/comments?post=137129"}],"version-history":[{"count":1,"href":"https:\/\/rdnews.al\/index.php\/wp-json\/wp\/v2\/posts\/137129\/revisions"}],"predecessor-version":[{"id":137131,"href":"https:\/\/rdnews.al\/index.php\/wp-json\/wp\/v2\/posts\/137129\/revisions\/137131"}],"wp:featuredmedia":[{"embeddable":true,"href":"https:\/\/rdnews.al\/index.php\/wp-json\/wp\/v2\/media\/137155"}],"wp:attachment":[{"href":"https:\/\/rdnews.al\/index.php\/wp-json\/wp\/v2\/media?parent=137129"}],"wp:term":[{"taxonomy":"category","embeddable":true,"href":"https:\/\/rdnews.al\/index.php\/wp-json\/wp\/v2\/categories?post=137129"},{"taxonomy":"post_tag","embeddable":true,"href":"https:\/\/rdnews.al\/index.php\/wp-json\/wp\/v2\/tags?post=137129"}],"curies":[{"name":"wp","href":"https:\/\/api.w.org\/{rel}","templated":true}]}}