{"id":137132,"date":"2026-02-28T18:34:04","date_gmt":"2026-02-28T18:34:04","guid":{"rendered":"https:\/\/rdnews.al\/?p=137132"},"modified":"2026-02-28T18:34:04","modified_gmt":"2026-02-28T18:34:04","slug":"marshimi-drejt-policise-berisha-ilir-proda-eshte-mercenar-i-rames-ne-zyren-e-tij-eshte-ergys-agasi","status":"publish","type":"post","link":"https:\/\/rdnews.al\/index.php\/2026\/02\/28\/marshimi-drejt-policise-berisha-ilir-proda-eshte-mercenar-i-rames-ne-zyren-e-tij-eshte-ergys-agasi\/","title":{"rendered":"Marshimi drejt Policis\u00eb\/ Berisha: Ilir Proda \u00ebsht\u00eb mercenar i Ram\u00ebs, n\u00eb zyr\u00ebn e tij \u00ebsht\u00eb Ergys Agasi"},"content":{"rendered":"<p>Protesta marshim e opozit\u00ebs ka p\u00ebr itenerar Drejtorin\u00eb e P\u00ebrgjithshme t\u00eb Policis\u00eb. N\u00eb\u00a0nj\u00eb prononcim p\u00ebr median Berisha tregoi dhe pse kjo ndales\u00eb.<\/p>\n<p><strong>-Pse te Policia e Shtetit, zoti Berisha?<\/strong><\/p>\n<p><strong>Sali Berisha:<\/strong>\u00a0Aty \u00ebsht\u00eb nj\u00eb nga kryebandit\u00ebt e narkoshtetit q\u00eb quhet Ilir Proda.<\/p>\n<p>Ndaj dhe shkon revolta, kryengritja p\u00ebr t\u2019i th\u00ebn\u00eb q\u00eb aq sa ka t\u00eb ardhme Edi Rama, aq ke edhe ti.<\/p>\n<p>Je nj\u00eb sh\u00ebrb\u00ebtor, nj\u00eb mercenar i tij.<\/p>\n<p>Aty \u00ebsht\u00eb natyrisht n\u00eb zyr\u00ebn e tij edhe Ergys Agasi. Jan\u00eb bashk\u00eb ata.<\/p>\n<p>Ndaj dhe shkojm\u00eb aty p\u00ebr t\u2019i sh\u00ebnjuar.<\/p>\n<p>Kjo nuk \u00ebsht\u00eb ndaj polic\u00ebve t\u00eb thjesht\u00eb, ju e keni par\u00eb q\u00ebndrimin ton\u00eb ndaj tyre, por ndaj k\u00ebtij banditi q\u00eb p\u00ebrb\u00ebn dhe nj\u00eb nga njer\u00ebzit m\u00eb t\u00eb rreziksh\u00ebm t\u00eb narkoshtetit.<\/p>\n<p>Ne shkojm\u00eb gjer atje.<\/p>\n","protected":false},"excerpt":{"rendered":"<p>Protesta marshim e opozit\u00ebs ka p\u00ebr itenerar Drejtorin\u00eb e P\u00ebrgjithshme t\u00eb Policis\u00eb. N\u00eb\u00a0nj\u00eb prononcim p\u00ebr median Berisha tregoi dhe pse kjo ndales\u00eb. -Pse te Policia e Shtetit, zoti Berisha? Sali Berisha:\u00a0Aty \u00ebsht\u00eb nj\u00eb nga kryebandit\u00ebt e narkoshtetit q\u00eb quhet Ilir Proda. Ndaj dhe shkon revolta, kryengritja p\u00ebr t\u2019i th\u00ebn\u00eb q\u00eb aq sa ka t\u00eb ardhme &hellip;<\/p>\n","protected":false},"author":4,"featured_media":137133,"comment_status":"closed","ping_status":"closed","sticky":false,"template":"","format":"standard","meta":{"footnotes":""},"categories":[37],"tags":[],"class_list":["post-137132","post","type-post","status-publish","format-standard","has-post-thumbnail","","category-politike"],"_links":{"self":[{"href":"https:\/\/rdnews.al\/index.php\/wp-json\/wp\/v2\/posts\/137132","targetHints":{"allow":["GET"]}}],"collection":[{"href":"https:\/\/rdnews.al\/index.php\/wp-json\/wp\/v2\/posts"}],"about":[{"href":"https:\/\/rdnews.al\/index.php\/wp-json\/wp\/v2\/types\/post"}],"author":[{"embeddable":true,"href":"https:\/\/rdnews.al\/index.php\/wp-json\/wp\/v2\/users\/4"}],"replies":[{"embeddable":true,"href":"https:\/\/rdnews.al\/index.php\/wp-json\/wp\/v2\/comments?post=137132"}],"version-history":[{"count":1,"href":"https:\/\/rdnews.al\/index.php\/wp-json\/wp\/v2\/posts\/137132\/revisions"}],"predecessor-version":[{"id":137134,"href":"https:\/\/rdnews.al\/index.php\/wp-json\/wp\/v2\/posts\/137132\/revisions\/137134"}],"wp:featuredmedia":[{"embeddable":true,"href":"https:\/\/rdnews.al\/index.php\/wp-json\/wp\/v2\/media\/137133"}],"wp:attachment":[{"href":"https:\/\/rdnews.al\/index.php\/wp-json\/wp\/v2\/media?parent=137132"}],"wp:term":[{"taxonomy":"category","embeddable":true,"href":"https:\/\/rdnews.al\/index.php\/wp-json\/wp\/v2\/categories?post=137132"},{"taxonomy":"post_tag","embeddable":true,"href":"https:\/\/rdnews.al\/index.php\/wp-json\/wp\/v2\/tags?post=137132"}],"curies":[{"name":"wp","href":"https:\/\/api.w.org\/{rel}","templated":true}]}}