{"id":137167,"date":"2026-02-28T20:31:21","date_gmt":"2026-02-28T20:31:21","guid":{"rendered":"https:\/\/rdnews.al\/?p=137167"},"modified":"2026-02-28T20:59:29","modified_gmt":"2026-02-28T20:59:29","slug":"bardhi-ka-qene-nje-marshim-teresisht-paqesor-jemi-sulmuar-pa-asnje-shkak-me-gaz-lotsjelles","status":"publish","type":"post","link":"https:\/\/rdnews.al\/index.php\/2026\/02\/28\/bardhi-ka-qene-nje-marshim-teresisht-paqesor-jemi-sulmuar-pa-asnje-shkak-me-gaz-lotsjelles\/","title":{"rendered":"Bardhi: Ka qen\u00eb nj\u00eb marshim t\u00ebr\u00ebsisht paq\u00ebsor, jemi sulmuar pa asnj\u00eb shkak me gaz lotsjell\u00ebs!"},"content":{"rendered":"<p>Protesta e opozit\u00ebs e mbajtur dit\u00ebn e sotme n\u00eb Tiran\u00eb u p\u00ebrshkall\u00ebzua n\u00eb tensione dhe p\u00ebrplasje me forcat e policis\u00eb, t\u00eb cilat p\u00ebrdor\u00ebn autobote me uj\u00eb me piper p\u00ebr t\u00eb shp\u00ebrndar\u00eb turm\u00ebn.<\/p>\n<p>N\u00eb sh\u00ebnjest\u00ebr t\u00eb ujit me presion t\u00eb lart\u00eb u vun\u00eb edhe drejtues t\u00eb lart\u00eb t\u00eb Partis\u00eb Demokratike, p\u00ebrfshir\u00eb kreun e saj Sali Berisha dhe deputet\u00eb t\u00eb tjer\u00eb, teksa marshonin drejt Kryeministris\u00eb.<\/p>\n<p>N\u00eb nj\u00eb reagim nga terreni, deputeti i PD, Gazment Bardhi e cil\u00ebsoi dhun\u00ebn e policis\u00eb si \u201ct\u00eb paprecedent dhe t\u00eb paprovokuar\u201d ndaj protestuesve t\u00ebr\u00ebsisht paq\u00ebsor\u00eb. Ai deklaroi se opozit\u00ebs iu pengua ushtrimi i t\u00eb drejt\u00ebs kushtetuese p\u00ebr t\u00eb protestuar, duke p\u00ebrmendur se ishin bllokuar dhe sulmuar me gaz lotsjell\u00ebs dhe uj\u00eb pa asnj\u00eb shkak n\u00eb disa pika, p\u00ebrfshir\u00eb para Drejtoris\u00eb s\u00eb Policis\u00eb dhe Kuvendit.<\/p>\n<p><strong>Bardhi:\u00a0<\/strong>P\u00ebr shkak t\u00eb presionit t\u00eb ujit nga policia, n\u00eb k\u00ebto momente ndodhen n\u00eb bllok dhe sigurisht do t\u00eb vazhdojn\u00eb marshimin e tyre. Si\u00e7 e keni par\u00eb, edhe sot \u00ebsht\u00eb p\u00ebrs\u00ebritur n\u00eb m\u00ebnyr\u00eb identike dhuna e paprecedent e paprovokuar e punonj\u00ebsve t\u00eb policis\u00eb ndaj protestuesve paq\u00ebsor\u00eb t\u00eb opozit\u00ebs. Ka qen\u00eb nj\u00eb marshim t\u00ebr\u00ebsisht paq\u00ebsor. Jemi penguar n\u00eb lirin\u00eb ton\u00eb t\u00eb l\u00ebvizjes dhe t\u00eb ushtrimit t\u00eb drejt\u00ebs s\u00eb protest\u00ebs.<\/p>\n<p>E keni par\u00eb q\u00eb n\u00eb Drejtorin\u00eb e P\u00ebrgjithshme t\u00eb Policis\u00eb na \u00ebsht\u00eb bllokuar rruga pa asnj\u00eb dalje alternative dhe m\u00eb pas jemi sulmuar pa asnj\u00eb shkak me gaz lotsjell\u00ebs. M\u00eb pas e nj\u00ebjta gj\u00eb ka ndodhur n\u00eb Drejtorin\u00eb e Policis\u00eb s\u00eb Tiran\u00ebs dhe e nj\u00ebjta gj\u00eb ka ndodhur n\u00eb kryesin\u00eb e Kuvendit, ku ne ishim n\u00eb nj\u00eb marshim t\u00ebr\u00ebsisht paq\u00ebsor. Fol\u00ebsi 1: Po molotov\u00ebt n\u00eb ish-vil\u00ebn e diktatorit, tashm\u00eb sh\u00ebrben si rezidenc\u00eb p\u00ebr artist\u00ebt e huaj? \u00c7far\u00eb q\u00ebllimi kishte?<\/p>\n<p>Sigurisht s\u00eb pari ajo sh\u00ebrben si nj\u00eb vil\u00eb ku Edi Rama mbyll pazaret e tij me krimin dhe pazaret e tij korruptive. \u00cbsht\u00eb pa diskutim nj\u00eb simbol i diktatur\u00ebs dhe sigurisht revolta e qytetar\u00ebve, ku shikojn\u00eb nuanca t\u00eb atij regjimi t\u00eb p\u00ebrs\u00ebriten 35 vite pas r\u00ebnies s\u00eb atij regjimi, \u00ebsht\u00eb gj\u00ebja m\u00eb normale q\u00eb t\u00eb ket\u00eb revolt\u00eb. E r\u00ebnd\u00ebsishme \u00ebsht\u00eb q\u00eb nuk ka asnj\u00eb person t\u00eb l\u00ebnduar, p\u00ebrve\u00e7se protestuesit&#8230;<\/p>\n<p>Ajo q\u00eb un\u00eb di \u00ebsht\u00eb q\u00eb nuk ka asnj\u00eb person t\u00eb l\u00ebnduar dhe t\u00eb vetmit t\u00eb l\u00ebnduar jan\u00eb qytetar\u00ebt, protestues, t\u00eb cil\u00ebt n\u00eb ushtrim t\u00eb drejt\u00ebs s\u00eb tyre kushtetuese p\u00ebr t\u00eb protestuar, jan\u00eb sulmuar n\u00eb m\u00ebnyr\u00eb t\u00eb paprecedent nga policia me gaz dhe me uj\u00eb.<\/p>\n<p>Derisa Ko\u00e7iu\u00a0ishte n\u00eb Ministrin\u00eb e Brendshme, ishte ministrja e adresave dhe zare e Edi Ram\u00ebs. Tani e ka ulur shum\u00eb stek\u00ebn, \u00ebsht\u00eb b\u00ebr\u00eb zare e Belinda Ballukut dhe un\u00eb i uroj fatin e Belinda Ballukut.<\/p>\n","protected":false},"excerpt":{"rendered":"<p>Protesta e opozit\u00ebs e mbajtur dit\u00ebn e sotme n\u00eb Tiran\u00eb u p\u00ebrshkall\u00ebzua n\u00eb tensione dhe p\u00ebrplasje me forcat e policis\u00eb, t\u00eb cilat p\u00ebrdor\u00ebn autobote me uj\u00eb me piper p\u00ebr t\u00eb shp\u00ebrndar\u00eb turm\u00ebn. N\u00eb sh\u00ebnjest\u00ebr t\u00eb ujit me presion t\u00eb lart\u00eb u vun\u00eb edhe drejtues t\u00eb lart\u00eb t\u00eb Partis\u00eb Demokratike, p\u00ebrfshir\u00eb kreun e saj Sali Berisha &hellip;<\/p>\n","protected":false},"author":4,"featured_media":137168,"comment_status":"closed","ping_status":"closed","sticky":false,"template":"","format":"standard","meta":{"footnotes":""},"categories":[37],"tags":[],"class_list":["post-137167","post","type-post","status-publish","format-standard","has-post-thumbnail","","category-politike"],"_links":{"self":[{"href":"https:\/\/rdnews.al\/index.php\/wp-json\/wp\/v2\/posts\/137167","targetHints":{"allow":["GET"]}}],"collection":[{"href":"https:\/\/rdnews.al\/index.php\/wp-json\/wp\/v2\/posts"}],"about":[{"href":"https:\/\/rdnews.al\/index.php\/wp-json\/wp\/v2\/types\/post"}],"author":[{"embeddable":true,"href":"https:\/\/rdnews.al\/index.php\/wp-json\/wp\/v2\/users\/4"}],"replies":[{"embeddable":true,"href":"https:\/\/rdnews.al\/index.php\/wp-json\/wp\/v2\/comments?post=137167"}],"version-history":[{"count":2,"href":"https:\/\/rdnews.al\/index.php\/wp-json\/wp\/v2\/posts\/137167\/revisions"}],"predecessor-version":[{"id":137177,"href":"https:\/\/rdnews.al\/index.php\/wp-json\/wp\/v2\/posts\/137167\/revisions\/137177"}],"wp:featuredmedia":[{"embeddable":true,"href":"https:\/\/rdnews.al\/index.php\/wp-json\/wp\/v2\/media\/137168"}],"wp:attachment":[{"href":"https:\/\/rdnews.al\/index.php\/wp-json\/wp\/v2\/media?parent=137167"}],"wp:term":[{"taxonomy":"category","embeddable":true,"href":"https:\/\/rdnews.al\/index.php\/wp-json\/wp\/v2\/categories?post=137167"},{"taxonomy":"post_tag","embeddable":true,"href":"https:\/\/rdnews.al\/index.php\/wp-json\/wp\/v2\/tags?post=137167"}],"curies":[{"name":"wp","href":"https:\/\/api.w.org\/{rel}","templated":true}]}}