{"id":137170,"date":"2026-02-28T20:49:22","date_gmt":"2026-02-28T20:49:22","guid":{"rendered":"https:\/\/rdnews.al\/?p=137170"},"modified":"2026-02-28T20:49:22","modified_gmt":"2026-02-28T20:49:22","slug":"policia-dhunon-fotoreporterin-felix-bilani-i-demtojne-aparatin-fotografik","status":"publish","type":"post","link":"https:\/\/rdnews.al\/index.php\/2026\/02\/28\/policia-dhunon-fotoreporterin-felix-bilani-i-demtojne-aparatin-fotografik\/","title":{"rendered":"Policia dhunon fotoreporterin Felix Bilani, i d\u00ebmtojn\u00eb aparatin fotografik"},"content":{"rendered":"<p>Dhuna policor\u00eb e urdh\u00ebruar nga Edi Rama nuk ka kursyer as gazetar\u00ebt gjat\u00eb protest\u00ebs paq\u00ebsore. Nj\u00eb rast i r\u00ebnd\u00eb \u00ebsht\u00eb dhunimi i fotoreporterit t\u00eb njohur, Felix Bilani, t\u00eb cilit policia i ka d\u00ebmtuar mjetet e pun\u00ebs me dhun\u00eb. N\u00eb videon e m\u00ebposhtme d\u00ebgjoh\u00ebt irritimi i fotoreporterit i cili u k\u00ebrkon llogari dhunuesve t\u00eb policis\u00eb p\u00ebr d\u00ebmtimin e mjeteve dhe b\u00ebn p\u00ebrgjegj\u00ebs direkt p\u00ebr dhun\u00ebn Drejtori e Policis\u00eb s\u00eb Shtetit, Ilir Proda.<\/p>\n","protected":false},"excerpt":{"rendered":"<p>Dhuna policor\u00eb e urdh\u00ebruar nga Edi Rama nuk ka kursyer as gazetar\u00ebt gjat\u00eb protest\u00ebs paq\u00ebsore. Nj\u00eb rast i r\u00ebnd\u00eb \u00ebsht\u00eb dhunimi i fotoreporterit t\u00eb njohur, Felix Bilani, t\u00eb cilit policia i ka d\u00ebmtuar mjetet e pun\u00ebs me dhun\u00eb. N\u00eb videon e m\u00ebposhtme d\u00ebgjoh\u00ebt irritimi i fotoreporterit i cili u k\u00ebrkon llogari dhunuesve t\u00eb policis\u00eb p\u00ebr &hellip;<\/p>\n","protected":false},"author":4,"featured_media":137171,"comment_status":"closed","ping_status":"closed","sticky":false,"template":"","format":"standard","meta":{"footnotes":""},"categories":[37],"tags":[],"class_list":["post-137170","post","type-post","status-publish","format-standard","has-post-thumbnail","","category-politike"],"_links":{"self":[{"href":"https:\/\/rdnews.al\/index.php\/wp-json\/wp\/v2\/posts\/137170","targetHints":{"allow":["GET"]}}],"collection":[{"href":"https:\/\/rdnews.al\/index.php\/wp-json\/wp\/v2\/posts"}],"about":[{"href":"https:\/\/rdnews.al\/index.php\/wp-json\/wp\/v2\/types\/post"}],"author":[{"embeddable":true,"href":"https:\/\/rdnews.al\/index.php\/wp-json\/wp\/v2\/users\/4"}],"replies":[{"embeddable":true,"href":"https:\/\/rdnews.al\/index.php\/wp-json\/wp\/v2\/comments?post=137170"}],"version-history":[{"count":1,"href":"https:\/\/rdnews.al\/index.php\/wp-json\/wp\/v2\/posts\/137170\/revisions"}],"predecessor-version":[{"id":137172,"href":"https:\/\/rdnews.al\/index.php\/wp-json\/wp\/v2\/posts\/137170\/revisions\/137172"}],"wp:featuredmedia":[{"embeddable":true,"href":"https:\/\/rdnews.al\/index.php\/wp-json\/wp\/v2\/media\/137171"}],"wp:attachment":[{"href":"https:\/\/rdnews.al\/index.php\/wp-json\/wp\/v2\/media?parent=137170"}],"wp:term":[{"taxonomy":"category","embeddable":true,"href":"https:\/\/rdnews.al\/index.php\/wp-json\/wp\/v2\/categories?post=137170"},{"taxonomy":"post_tag","embeddable":true,"href":"https:\/\/rdnews.al\/index.php\/wp-json\/wp\/v2\/tags?post=137170"}],"curies":[{"name":"wp","href":"https:\/\/api.w.org\/{rel}","templated":true}]}}