{"id":137173,"date":"2026-02-28T20:56:28","date_gmt":"2026-02-28T20:56:28","guid":{"rendered":"https:\/\/rdnews.al\/?p=137173"},"modified":"2026-02-28T20:56:28","modified_gmt":"2026-02-28T20:56:28","slug":"berisha-per-tre-ore-marshi-juaj-ishte-marshi-i-fitores-ishte-marshi-i-shqiptareve-i-dinjitetit-i-guximit","status":"publish","type":"post","link":"https:\/\/rdnews.al\/index.php\/2026\/02\/28\/berisha-per-tre-ore-marshi-juaj-ishte-marshi-i-fitores-ishte-marshi-i-shqiptareve-i-dinjitetit-i-guximit\/","title":{"rendered":"Berisha: P\u00ebr tre or\u00eb marshi juaj ishte marshi i fitores, ishte marshi i shqiptar\u00ebve, i dinjitetit, i guximit"},"content":{"rendered":"<p>Kryetari i PD, Sali Berisha e quajti marshimin e sot\u00ebm protest\u00eb si data q\u00eb do t\u00eb gdhendet me germa t\u00eb arta n\u00eb historin\u00eb e kryengritjes paq\u00ebsore t\u00eb shqiptar\u00ebve kund\u00ebr narkoshtetit.<\/p>\n<p>Berisha mbajti fjal\u00ebn nga selia e PD-s\u00eb pas p\u00ebrfundimit t\u00eb marshimit protest\u00eb q\u00eb zgjati gati 3 or\u00eb.<\/p>\n<p>\u201cHeronj t\u00eb v\u00ebrtet\u00eb jeni!<\/p>\n<p>Tirana n\u00eb t\u00ebr\u00eb ekzistenc\u00ebn e saj nuk ka njohur nj\u00eb marshim triumfi si marshi juaj sot.<\/p>\n<p>Kjo dat\u00eb, 28 shkurti do gdhendet me germa t\u00eb arta n\u00eb historin\u00eb e kryengritjes paq\u00ebsore t\u00eb shqiptar\u00ebve kund\u00ebr narkoshtetit.<\/p>\n<p>P\u00ebr tre or\u00eb, marshi juaj ishte marshi i fitores, ishte marshi i shqiptar\u00ebve, i dinjitetit, i guximit.<\/p>\n<p>Ishte mesazhi m\u00eb i shk\u00eblqyer q\u00eb ju u d\u00ebrguat miqve tan\u00eb n\u00eb Europ\u00eb dhe n\u00eb bot\u00eb.<\/p>\n<p>I kall\u00ebt tmerrin dhe dat\u00ebn narkodiktatorit Edi Rama&#8221;, tha Berisha.<\/p>\n<p>&nbsp;<\/p>\n","protected":false},"excerpt":{"rendered":"<p>Kryetari i PD, Sali Berisha e quajti marshimin e sot\u00ebm protest\u00eb si data q\u00eb do t\u00eb gdhendet me germa t\u00eb arta n\u00eb historin\u00eb e kryengritjes paq\u00ebsore t\u00eb shqiptar\u00ebve kund\u00ebr narkoshtetit. Berisha mbajti fjal\u00ebn nga selia e PD-s\u00eb pas p\u00ebrfundimit t\u00eb marshimit protest\u00eb q\u00eb zgjati gati 3 or\u00eb. \u201cHeronj t\u00eb v\u00ebrtet\u00eb jeni! Tirana n\u00eb t\u00ebr\u00eb ekzistenc\u00ebn &hellip;<\/p>\n","protected":false},"author":4,"featured_media":137174,"comment_status":"closed","ping_status":"closed","sticky":false,"template":"","format":"standard","meta":{"footnotes":""},"categories":[37],"tags":[],"class_list":["post-137173","post","type-post","status-publish","format-standard","has-post-thumbnail","","category-politike"],"_links":{"self":[{"href":"https:\/\/rdnews.al\/index.php\/wp-json\/wp\/v2\/posts\/137173","targetHints":{"allow":["GET"]}}],"collection":[{"href":"https:\/\/rdnews.al\/index.php\/wp-json\/wp\/v2\/posts"}],"about":[{"href":"https:\/\/rdnews.al\/index.php\/wp-json\/wp\/v2\/types\/post"}],"author":[{"embeddable":true,"href":"https:\/\/rdnews.al\/index.php\/wp-json\/wp\/v2\/users\/4"}],"replies":[{"embeddable":true,"href":"https:\/\/rdnews.al\/index.php\/wp-json\/wp\/v2\/comments?post=137173"}],"version-history":[{"count":1,"href":"https:\/\/rdnews.al\/index.php\/wp-json\/wp\/v2\/posts\/137173\/revisions"}],"predecessor-version":[{"id":137175,"href":"https:\/\/rdnews.al\/index.php\/wp-json\/wp\/v2\/posts\/137173\/revisions\/137175"}],"wp:featuredmedia":[{"embeddable":true,"href":"https:\/\/rdnews.al\/index.php\/wp-json\/wp\/v2\/media\/137174"}],"wp:attachment":[{"href":"https:\/\/rdnews.al\/index.php\/wp-json\/wp\/v2\/media?parent=137173"}],"wp:term":[{"taxonomy":"category","embeddable":true,"href":"https:\/\/rdnews.al\/index.php\/wp-json\/wp\/v2\/categories?post=137173"},{"taxonomy":"post_tag","embeddable":true,"href":"https:\/\/rdnews.al\/index.php\/wp-json\/wp\/v2\/tags?post=137173"}],"curies":[{"name":"wp","href":"https:\/\/api.w.org\/{rel}","templated":true}]}}