{"id":137178,"date":"2026-02-28T21:04:20","date_gmt":"2026-02-28T21:04:20","guid":{"rendered":"https:\/\/rdnews.al\/?p=137178"},"modified":"2026-02-28T21:04:20","modified_gmt":"2026-02-28T21:04:20","slug":"berisha-agjente-te-infiltruar-mashtruan-kryengritesit-se-ne-shtepine-e-ish-diktatorit-banon-edi-rama","status":"publish","type":"post","link":"https:\/\/rdnews.al\/index.php\/2026\/02\/28\/berisha-agjente-te-infiltruar-mashtruan-kryengritesit-se-ne-shtepine-e-ish-diktatorit-banon-edi-rama\/","title":{"rendered":"Berisha: Agjent\u00eb t\u00eb infiltruar mashtruan kryengrit\u00ebsit se n\u00eb sht\u00ebpin\u00eb e ish-diktatorit banon Edi Rama"},"content":{"rendered":"<p>Kryetari i PD, Sali Berisha komentoi hedhjen e molotov\u00ebve t\u00eb protestuesve drejt sht\u00ebpis\u00eb s\u00eb ish dikatorit Enver Hoxha. N\u00eb nj\u00eb prononcim p\u00ebr median nga oborri i selis\u00eb PD, Berisha tha se agjent\u00eb t\u00eb infiltruar mashtruan kryengrit\u00ebsit se n\u00eb sht\u00ebpin\u00eb e ish-diktatorit banon Edi Rama<\/p>\n<p><strong>Berisha:<\/strong> Qytetar\u00eb dhe qytetare, n\u00eb marshim e sip\u00ebr agjent\u00eb t\u00eb infiltruar t\u00eb policis\u00eb kriminale mashtruan kryengrit\u00ebsit se n\u00eb sht\u00ebpin\u00eb e ish-diktatorit banon Edi Rama.<\/p>\n<p>Dhe kjo ngjalli nj\u00eb revolt\u00eb t\u00eb pakufishme dhe b\u00ebri ata q\u00eb ata t\u2019i p\u00ebrvishen asaj banese.<\/p>\n<p>E gjith\u00eb beteja ishte shp\u00ebrthim urrejtje ndaj Edi Ram\u00ebs dhe jo ndaj nd\u00ebrtesave.<\/p>\n<p>Por, Edi Rama nuk banonte aty miq.<\/p>\n<p>Edi Rama banonte tek vila e Mehmet Shehut.<\/p>\n<p>Prandaj Edi tani fut jo nj\u00eb agjent, por edhe 120 agjent\u00eb po t\u00eb fus\u00ebsh, nuk do mund t\u00eb devijosh m\u00eb.<\/p>\n<p>E dim\u00eb ku je, n\u00eb Surrel ose tek vila e Mehmet Shehut.<\/p>\n<p>Kjo \u00ebsht\u00eb e v\u00ebrteta.<\/p>\n<p>P\u00ebr sqarim.<\/p>\n<p>P\u00ebr t\u00eb tjerat, ju e pat\u00eb vet\u00eb madh\u00ebshtin\u00eb e revolt\u00ebs ton\u00eb paq\u00ebsore.<\/p>\n<p>Rruga\u00e7\u00ebrin\u00eb e Ilir Prod\u00ebs dhe Sokol Bizhg\u00ebs, dy vasal\u00eb, mercenar\u00eb t\u00eb Edi Ram\u00ebs, t\u00eb cil\u00ebt do ken\u00eb fatin e tij.<\/p>\n<p>Berisha: Agjent\u00eb t\u00eb infiltruar mashtruan kryengrit\u00ebsit se n\u00eb sht\u00ebpin\u00eb e ish-diktatorit banon Edi Rama<\/p>\n<p>Qytetar\u00eb dhe qytetare, n\u00eb marshim e sip\u00ebr agjent\u00eb t\u00eb infiltruar t\u00eb policis\u00eb kriminale mashtruan kryengrit\u00ebsit se n\u00eb sht\u00ebpin\u00eb e ish-diktatorit banon Edi Rama.<\/p>\n<p>Dhe kjo ngjalli nj\u00eb revolt\u00eb t\u00eb pakufishme dhe b\u00ebri ata q\u00eb ata t\u2019i p\u00ebrvishen asaj banese.<\/p>\n<p>E gjith\u00eb beteja ishte shp\u00ebrthim urrejtje ndaj Edi Ram\u00ebs dhe jo ndaj nd\u00ebrtesave.<\/p>\n<p>Por, Edi Rama nuk banonte aty miq.<\/p>\n<p>Edi Rama banonte tek vila e Mehmet Shehut.<\/p>\n<p>Prandaj Edi tani fut jo nj\u00eb agjent, por edhe 120 agjent\u00eb po t\u00eb fus\u00ebsh, nuk do mund t\u00eb devijosh m\u00eb.<\/p>\n<p>E dim\u00eb ku je, n\u00eb Surrel ose tek vila e Mehmet Shehut.<\/p>\n<p>Kjo \u00ebsht\u00eb e v\u00ebrteta.<\/p>\n<p>P\u00ebr sqarim.<\/p>\n<p>P\u00ebr t\u00eb tjerat, ju e pat\u00eb vet\u00eb madh\u00ebshtin\u00eb e revolt\u00ebs ton\u00eb paq\u00ebsore.<\/p>\n<p>Rruga\u00e7\u00ebrin\u00eb e Ilir Prod\u00ebs dhe Sokol Bizhg\u00ebs, dy vasal\u00eb, mercenar\u00eb t\u00eb Edi Ram\u00ebs, t\u00eb cil\u00ebt do ken\u00eb fatin e tij.<\/p>\n","protected":false},"excerpt":{"rendered":"<p>Kryetari i PD, Sali Berisha komentoi hedhjen e molotov\u00ebve t\u00eb protestuesve drejt sht\u00ebpis\u00eb s\u00eb ish dikatorit Enver Hoxha. N\u00eb nj\u00eb prononcim p\u00ebr median nga oborri i selis\u00eb PD, Berisha tha se agjent\u00eb t\u00eb infiltruar mashtruan kryengrit\u00ebsit se n\u00eb sht\u00ebpin\u00eb e ish-diktatorit banon Edi Rama Berisha: Qytetar\u00eb dhe qytetare, n\u00eb marshim e sip\u00ebr agjent\u00eb t\u00eb infiltruar &hellip;<\/p>\n","protected":false},"author":4,"featured_media":137179,"comment_status":"closed","ping_status":"closed","sticky":false,"template":"","format":"standard","meta":{"footnotes":""},"categories":[37],"tags":[],"class_list":["post-137178","post","type-post","status-publish","format-standard","has-post-thumbnail","","category-politike"],"_links":{"self":[{"href":"https:\/\/rdnews.al\/index.php\/wp-json\/wp\/v2\/posts\/137178","targetHints":{"allow":["GET"]}}],"collection":[{"href":"https:\/\/rdnews.al\/index.php\/wp-json\/wp\/v2\/posts"}],"about":[{"href":"https:\/\/rdnews.al\/index.php\/wp-json\/wp\/v2\/types\/post"}],"author":[{"embeddable":true,"href":"https:\/\/rdnews.al\/index.php\/wp-json\/wp\/v2\/users\/4"}],"replies":[{"embeddable":true,"href":"https:\/\/rdnews.al\/index.php\/wp-json\/wp\/v2\/comments?post=137178"}],"version-history":[{"count":1,"href":"https:\/\/rdnews.al\/index.php\/wp-json\/wp\/v2\/posts\/137178\/revisions"}],"predecessor-version":[{"id":137180,"href":"https:\/\/rdnews.al\/index.php\/wp-json\/wp\/v2\/posts\/137178\/revisions\/137180"}],"wp:featuredmedia":[{"embeddable":true,"href":"https:\/\/rdnews.al\/index.php\/wp-json\/wp\/v2\/media\/137179"}],"wp:attachment":[{"href":"https:\/\/rdnews.al\/index.php\/wp-json\/wp\/v2\/media?parent=137178"}],"wp:term":[{"taxonomy":"category","embeddable":true,"href":"https:\/\/rdnews.al\/index.php\/wp-json\/wp\/v2\/categories?post=137178"},{"taxonomy":"post_tag","embeddable":true,"href":"https:\/\/rdnews.al\/index.php\/wp-json\/wp\/v2\/tags?post=137178"}],"curies":[{"name":"wp","href":"https:\/\/api.w.org\/{rel}","templated":true}]}}