{"id":137181,"date":"2026-02-28T21:11:16","date_gmt":"2026-02-28T21:11:16","guid":{"rendered":"https:\/\/rdnews.al\/?p=137181"},"modified":"2026-02-28T21:11:16","modified_gmt":"2026-02-28T21:11:16","slug":"berisha-rama-i-drejtoi-topat-e-ujit-drejt-meje-por-i-them-o-langaraq-ku-ka-topa-qe-me-lekundin-mua","status":"publish","type":"post","link":"https:\/\/rdnews.al\/index.php\/2026\/02\/28\/berisha-rama-i-drejtoi-topat-e-ujit-drejt-meje-por-i-them-o-langaraq-ku-ka-topa-qe-me-lekundin-mua\/","title":{"rendered":"Berisha: Rama i drejtoi topat e ujit drejt meje, por i them o langaraq, ku ka topa q\u00eb m\u00eb l\u00ebkundin mua!"},"content":{"rendered":"<p>Kryetari i PD, Sali Berisha komentoi dhe dhun\u00ebn e policis\u00eb dhe topat e ujit drejtuar atij.<\/p>\n<p>\u201cMiq, korr\u00ebm nj\u00eb fitore tjet\u00ebr sot.<\/p>\n<p>Arrit\u00ebm nj\u00eb rekord t\u00eb ri n\u00eb protest\u00ebn ton\u00eb, \u00e7ka do t\u00eb thot\u00eb asgj\u00eb nuk na ndal ne pa e hedhur Edi Ram\u00ebn aty ku e meriton, n\u00eb koshin e plehrave t\u00eb historis\u00eb.<\/p>\n<p>D\u00ebnoj me forc\u00ebn m\u00eb t\u00eb madhe dhun\u00ebn jasht\u00eb \u00e7do lloj shkaku t\u00eb p\u00ebrdorur ndaj protestuesve me urdh\u00ebr t\u00eb Edi Ram\u00ebs.<\/p>\n<p>E pat\u00eb dhe vet\u00eb, n\u00eb nj\u00eb koh\u00eb kur ne po rrinim t\u00eb qet\u00eb, topat e ujit i drejtoi drejt Sali Berish\u00ebs, por i them se je i pashpres\u00eb o budalla.<\/p>\n<p>O l\u00ebngaraq.<\/p>\n<p>Po ku ka topa q\u00eb m\u00eb l\u00ebkundin mua.<\/p>\n<p>Ta tregoj mire\u201d, tha Berisha.<\/p>\n","protected":false},"excerpt":{"rendered":"<p>Kryetari i PD, Sali Berisha komentoi dhe dhun\u00ebn e policis\u00eb dhe topat e ujit drejtuar atij. \u201cMiq, korr\u00ebm nj\u00eb fitore tjet\u00ebr sot. Arrit\u00ebm nj\u00eb rekord t\u00eb ri n\u00eb protest\u00ebn ton\u00eb, \u00e7ka do t\u00eb thot\u00eb asgj\u00eb nuk na ndal ne pa e hedhur Edi Ram\u00ebn aty ku e meriton, n\u00eb koshin e plehrave t\u00eb historis\u00eb. D\u00ebnoj &hellip;<\/p>\n","protected":false},"author":4,"featured_media":137182,"comment_status":"closed","ping_status":"closed","sticky":false,"template":"","format":"standard","meta":{"footnotes":""},"categories":[37],"tags":[],"class_list":["post-137181","post","type-post","status-publish","format-standard","has-post-thumbnail","","category-politike"],"_links":{"self":[{"href":"https:\/\/rdnews.al\/index.php\/wp-json\/wp\/v2\/posts\/137181","targetHints":{"allow":["GET"]}}],"collection":[{"href":"https:\/\/rdnews.al\/index.php\/wp-json\/wp\/v2\/posts"}],"about":[{"href":"https:\/\/rdnews.al\/index.php\/wp-json\/wp\/v2\/types\/post"}],"author":[{"embeddable":true,"href":"https:\/\/rdnews.al\/index.php\/wp-json\/wp\/v2\/users\/4"}],"replies":[{"embeddable":true,"href":"https:\/\/rdnews.al\/index.php\/wp-json\/wp\/v2\/comments?post=137181"}],"version-history":[{"count":1,"href":"https:\/\/rdnews.al\/index.php\/wp-json\/wp\/v2\/posts\/137181\/revisions"}],"predecessor-version":[{"id":137183,"href":"https:\/\/rdnews.al\/index.php\/wp-json\/wp\/v2\/posts\/137181\/revisions\/137183"}],"wp:featuredmedia":[{"embeddable":true,"href":"https:\/\/rdnews.al\/index.php\/wp-json\/wp\/v2\/media\/137182"}],"wp:attachment":[{"href":"https:\/\/rdnews.al\/index.php\/wp-json\/wp\/v2\/media?parent=137181"}],"wp:term":[{"taxonomy":"category","embeddable":true,"href":"https:\/\/rdnews.al\/index.php\/wp-json\/wp\/v2\/categories?post=137181"},{"taxonomy":"post_tag","embeddable":true,"href":"https:\/\/rdnews.al\/index.php\/wp-json\/wp\/v2\/tags?post=137181"}],"curies":[{"name":"wp","href":"https:\/\/api.w.org\/{rel}","templated":true}]}}