{"id":137184,"date":"2026-02-28T21:13:40","date_gmt":"2026-02-28T21:13:40","guid":{"rendered":"https:\/\/rdnews.al\/?p=137184"},"modified":"2026-02-28T21:13:40","modified_gmt":"2026-02-28T21:13:40","slug":"noka-edi-rama-ka-perjetuar-sot-nje-makth-po-shkon-drejt-fundit","status":"publish","type":"post","link":"https:\/\/rdnews.al\/index.php\/2026\/02\/28\/noka-edi-rama-ka-perjetuar-sot-nje-makth-po-shkon-drejt-fundit\/","title":{"rendered":"Noka: Edi Rama ka p\u00ebrjetuar sot nj\u00eb makth, po shkon drejt fundit!"},"content":{"rendered":"<p>Pas marshimit me molotov\u00eb, Flamur Noka \u00ebsht\u00eb shprehur p\u00ebr gazetar\u00ebt se \u00e7do pushtet kur aplikon dhun\u00ebn, tregon q\u00eb ndjen fundin.<\/p>\n<p>Ai shprehet se Rama vodhi shqiptar\u00ebt, i rropi, e kriminalizoi shtetin dhe sot mundohet q\u00eb t\u00eb mbahet, t\u00eb kacavirret ndaj pushtetit me dhun\u00ebn policore. Noka shton se asgj\u00eb nuk e ndal revolt\u00ebn e qytetar\u00ebve.<\/p>\n<p>\u201cE shikoni \u00e7far\u00eb b\u00ebjn\u00eb, mendojn\u00eb se vet\u00ebm me dhun\u00eb mund t\u00eb mbijetojn\u00eb.<\/p>\n<p>\u00c7do pushtet kur aplikon dhun\u00ebn, tregon q\u00eb ndjen fundin.<\/p>\n<p>Kjo q\u00eb po zhvillojn\u00eb, n\u00eb nj\u00eb kryengritje t\u00ebr\u00ebsisht paq\u00ebsore, ju e keni par\u00eb gjat\u00eb gjith\u00eb koh\u00ebs asnj\u00eb akt dhune, asnj\u00eb akt vandalizmi vet\u00ebm protest\u00eb, revolt\u00eb dhe kryengritje qytetare.<\/p>\n<p>Barbar\u00ebt e pushtetit, t\u00eb panikosur se e ndjejn\u00eb se u vjen fundi, b\u00ebjn\u00eb vet\u00ebm terror rrug\u00ebve t\u00eb Tiran\u00ebs.<\/p>\n<p>M\u00eb thoni se \u00e7far\u00eb borxhi i ka Edi Ram\u00ebs, Tirana dhe Shqip\u00ebria m\u00eb?<\/p>\n<p>I vodhi, i rropi, e kriminalizoi shtetin dhe sot mundohet q\u00eb t\u00eb mbahet, t\u00eb kacavirret ndaj pushtetit me dhun\u00ebn policore.<\/p>\n<p>Nuk na ndalon asgj\u00eb.<\/p>\n<p>Nuk ka dhun\u00eb dhe terror t\u00eb narkoshtetit q\u00eb ndalon dhe stopon revolt\u00ebn e qytetar\u00ebve shqiptar\u00eb.<\/p>\n<p>Ka vet\u00ebm nj\u00eb rrug\u00ebzgjidhje politike dhe t\u00eb k\u00ebrrehet kjo qeveri\u201d,\u00a0tha Noka.<\/p>\n","protected":false},"excerpt":{"rendered":"<p>Pas marshimit me molotov\u00eb, Flamur Noka \u00ebsht\u00eb shprehur p\u00ebr gazetar\u00ebt se \u00e7do pushtet kur aplikon dhun\u00ebn, tregon q\u00eb ndjen fundin. Ai shprehet se Rama vodhi shqiptar\u00ebt, i rropi, e kriminalizoi shtetin dhe sot mundohet q\u00eb t\u00eb mbahet, t\u00eb kacavirret ndaj pushtetit me dhun\u00ebn policore. Noka shton se asgj\u00eb nuk e ndal revolt\u00ebn e qytetar\u00ebve. \u201cE &hellip;<\/p>\n","protected":false},"author":4,"featured_media":137185,"comment_status":"closed","ping_status":"closed","sticky":false,"template":"","format":"standard","meta":{"footnotes":""},"categories":[37],"tags":[],"class_list":["post-137184","post","type-post","status-publish","format-standard","has-post-thumbnail","","category-politike"],"_links":{"self":[{"href":"https:\/\/rdnews.al\/index.php\/wp-json\/wp\/v2\/posts\/137184","targetHints":{"allow":["GET"]}}],"collection":[{"href":"https:\/\/rdnews.al\/index.php\/wp-json\/wp\/v2\/posts"}],"about":[{"href":"https:\/\/rdnews.al\/index.php\/wp-json\/wp\/v2\/types\/post"}],"author":[{"embeddable":true,"href":"https:\/\/rdnews.al\/index.php\/wp-json\/wp\/v2\/users\/4"}],"replies":[{"embeddable":true,"href":"https:\/\/rdnews.al\/index.php\/wp-json\/wp\/v2\/comments?post=137184"}],"version-history":[{"count":1,"href":"https:\/\/rdnews.al\/index.php\/wp-json\/wp\/v2\/posts\/137184\/revisions"}],"predecessor-version":[{"id":137186,"href":"https:\/\/rdnews.al\/index.php\/wp-json\/wp\/v2\/posts\/137184\/revisions\/137186"}],"wp:featuredmedia":[{"embeddable":true,"href":"https:\/\/rdnews.al\/index.php\/wp-json\/wp\/v2\/media\/137185"}],"wp:attachment":[{"href":"https:\/\/rdnews.al\/index.php\/wp-json\/wp\/v2\/media?parent=137184"}],"wp:term":[{"taxonomy":"category","embeddable":true,"href":"https:\/\/rdnews.al\/index.php\/wp-json\/wp\/v2\/categories?post=137184"},{"taxonomy":"post_tag","embeddable":true,"href":"https:\/\/rdnews.al\/index.php\/wp-json\/wp\/v2\/tags?post=137184"}],"curies":[{"name":"wp","href":"https:\/\/api.w.org\/{rel}","templated":true}]}}