{"id":137187,"date":"2026-02-28T21:19:35","date_gmt":"2026-02-28T21:19:35","guid":{"rendered":"https:\/\/rdnews.al\/?p=137187"},"modified":"2026-02-28T21:20:22","modified_gmt":"2026-02-28T21:20:22","slug":"berisha-protestuesi-i-kallen-tmerrin-rames-nese-une-u-them-tani-per-25-minuta-keta-jane-ne-surrel","status":"publish","type":"post","link":"https:\/\/rdnews.al\/index.php\/2026\/02\/28\/berisha-protestuesi-i-kallen-tmerrin-rames-nese-une-u-them-tani-per-25-minuta-keta-jane-ne-surrel\/","title":{"rendered":"Berisha: Protestuesit i kall\u00ebn tmerrin Ram\u00ebs! N\u00ebse u them tani, p\u00ebr 25 minuta k\u00ebta jan\u00eb n\u00eb Surrel!"},"content":{"rendered":"<p>Kryetari i PD, Sali Berisha, n\u00eb mbylljen e protest\u00ebs s\u00eb sotme ku PD dhe qytetar\u00ebt marshuan n\u00eb \u201cpikat m\u00eb t\u00eb korruptuara\u201d, tha se i kall\u00ebn tmerrin Ram\u00ebs.<\/p>\n<p>M\u00eb tej ai tha p\u00ebr gazetar\u00ebt se n\u00ebse u thot\u00eb protestuesve t\u00eb shkojn\u00eb tek Edi Rama, ata shkojn\u00eb n\u00eb Surrel p\u00ebr 25 minuta.<\/p>\n<p>\u201cShi triumfi si marshi juaj sot. Kjo dat\u00eb do t\u00eb shkruhet me g\u00ebrma t\u00eb arta. I kall\u00ebt tmerrin Ram\u00ebs. tubimi do vijoj\u00eb deri n\u00eb fitore. N\u00ebse un\u00eb u them tani, p\u00ebr 25 minuta k\u00ebta jan\u00eb n\u00eb Surrel\u201d, tha Berisha.<\/p>\n","protected":false},"excerpt":{"rendered":"<p>Kryetari i PD, Sali Berisha, n\u00eb mbylljen e protest\u00ebs s\u00eb sotme ku PD dhe qytetar\u00ebt marshuan n\u00eb \u201cpikat m\u00eb t\u00eb korruptuara\u201d, tha se i kall\u00ebn tmerrin Ram\u00ebs. M\u00eb tej ai tha p\u00ebr gazetar\u00ebt se n\u00ebse u thot\u00eb protestuesve t\u00eb shkojn\u00eb tek Edi Rama, ata shkojn\u00eb n\u00eb Surrel p\u00ebr 25 minuta. \u201cShi triumfi si marshi juaj &hellip;<\/p>\n","protected":false},"author":4,"featured_media":137188,"comment_status":"closed","ping_status":"closed","sticky":false,"template":"","format":"standard","meta":{"footnotes":""},"categories":[37],"tags":[],"class_list":["post-137187","post","type-post","status-publish","format-standard","has-post-thumbnail","","category-politike"],"_links":{"self":[{"href":"https:\/\/rdnews.al\/index.php\/wp-json\/wp\/v2\/posts\/137187","targetHints":{"allow":["GET"]}}],"collection":[{"href":"https:\/\/rdnews.al\/index.php\/wp-json\/wp\/v2\/posts"}],"about":[{"href":"https:\/\/rdnews.al\/index.php\/wp-json\/wp\/v2\/types\/post"}],"author":[{"embeddable":true,"href":"https:\/\/rdnews.al\/index.php\/wp-json\/wp\/v2\/users\/4"}],"replies":[{"embeddable":true,"href":"https:\/\/rdnews.al\/index.php\/wp-json\/wp\/v2\/comments?post=137187"}],"version-history":[{"count":2,"href":"https:\/\/rdnews.al\/index.php\/wp-json\/wp\/v2\/posts\/137187\/revisions"}],"predecessor-version":[{"id":137190,"href":"https:\/\/rdnews.al\/index.php\/wp-json\/wp\/v2\/posts\/137187\/revisions\/137190"}],"wp:featuredmedia":[{"embeddable":true,"href":"https:\/\/rdnews.al\/index.php\/wp-json\/wp\/v2\/media\/137188"}],"wp:attachment":[{"href":"https:\/\/rdnews.al\/index.php\/wp-json\/wp\/v2\/media?parent=137187"}],"wp:term":[{"taxonomy":"category","embeddable":true,"href":"https:\/\/rdnews.al\/index.php\/wp-json\/wp\/v2\/categories?post=137187"},{"taxonomy":"post_tag","embeddable":true,"href":"https:\/\/rdnews.al\/index.php\/wp-json\/wp\/v2\/tags?post=137187"}],"curies":[{"name":"wp","href":"https:\/\/api.w.org\/{rel}","templated":true}]}}