{"id":137191,"date":"2026-02-28T21:59:57","date_gmt":"2026-02-28T21:59:57","guid":{"rendered":"https:\/\/rdnews.al\/?p=137191"},"modified":"2026-02-28T21:59:57","modified_gmt":"2026-02-28T21:59:57","slug":"goditje-fatale-ndaj-regjimit-teokratik-iranian-pd-nje-lajm-i-mire-per-popullin-iranian-dhe-boten-e-lire","status":"publish","type":"post","link":"https:\/\/rdnews.al\/index.php\/2026\/02\/28\/goditje-fatale-ndaj-regjimit-teokratik-iranian-pd-nje-lajm-i-mire-per-popullin-iranian-dhe-boten-e-lire\/","title":{"rendered":"Goditje fatale ndaj regjimit teokratik iranian\/ PD: Nj\u00eb lajm i mir\u00eb p\u00ebr popullin iranian dhe bot\u00ebn e lir\u00eb"},"content":{"rendered":"<p class=\"TableParagraph\"><strong><span style=\"font-size: 14.0pt; font-family: 'Book Antiqua',serif;\">Deklarat\u00eb e Partis\u00eb Demokratike<\/span><\/strong><\/p>\n<p class=\"TableParagraph\"><span style=\"font-size: 14.0pt; font-family: 'Book Antiqua',serif;\">Lajmet tashm\u00eb nga shum\u00eb burime konfirmojn\u00eb vrasjen e diktatorit mizor t\u00eb Teheranit, Ajetullah Khamenei, nga bombardimi i bunkerit t\u00eb tij nga aviacioni amerikano-izraelit. Ky \u00ebsht\u00eb nj\u00eb lajm shum\u00eb i mir\u00eb jo vet\u00ebm p\u00ebr kombin iranian, por p\u00ebr t\u00eb gjith\u00eb njer\u00ebzit e lir\u00eb n\u00eb mbar\u00eb bot\u00ebn. <\/span><\/p>\n<p class=\"TableParagraph\"><span style=\"font-size: 14.0pt; font-family: 'Book Antiqua',serif;\">Partia Demokratike p\u00ebrsh\u00ebndet k\u00ebt\u00eb goditje fatale p\u00ebr regjimin obskurantist t\u00eb Iranit dhe uron q\u00eb, pas vrasjes s\u00eb tij dhe eliminimit t\u00eb dhjet\u00ebra zyrtar\u00ebve t\u00eb tjer\u00eb t\u00eb regjimit teokratik t\u00eb Ajetullah\u00ebve, populli iranian t\u00eb fitoj\u00eb lirin\u00eb e mohuar p\u00ebr dekada nga ky regjim.<\/span><\/p>\n","protected":false},"excerpt":{"rendered":"<p>Deklarat\u00eb e Partis\u00eb Demokratike Lajmet tashm\u00eb nga shum\u00eb burime konfirmojn\u00eb vrasjen e diktatorit mizor t\u00eb Teheranit, Ajetullah Khamenei, nga bombardimi i bunkerit t\u00eb tij nga aviacioni amerikano-izraelit. Ky \u00ebsht\u00eb nj\u00eb lajm shum\u00eb i mir\u00eb jo vet\u00ebm p\u00ebr kombin iranian, por p\u00ebr t\u00eb gjith\u00eb njer\u00ebzit e lir\u00eb n\u00eb mbar\u00eb bot\u00ebn. Partia Demokratike p\u00ebrsh\u00ebndet k\u00ebt\u00eb goditje fatale &hellip;<\/p>\n","protected":false},"author":4,"featured_media":89408,"comment_status":"closed","ping_status":"closed","sticky":false,"template":"","format":"standard","meta":{"footnotes":""},"categories":[37],"tags":[],"class_list":["post-137191","post","type-post","status-publish","format-standard","has-post-thumbnail","","category-politike"],"_links":{"self":[{"href":"https:\/\/rdnews.al\/index.php\/wp-json\/wp\/v2\/posts\/137191","targetHints":{"allow":["GET"]}}],"collection":[{"href":"https:\/\/rdnews.al\/index.php\/wp-json\/wp\/v2\/posts"}],"about":[{"href":"https:\/\/rdnews.al\/index.php\/wp-json\/wp\/v2\/types\/post"}],"author":[{"embeddable":true,"href":"https:\/\/rdnews.al\/index.php\/wp-json\/wp\/v2\/users\/4"}],"replies":[{"embeddable":true,"href":"https:\/\/rdnews.al\/index.php\/wp-json\/wp\/v2\/comments?post=137191"}],"version-history":[{"count":1,"href":"https:\/\/rdnews.al\/index.php\/wp-json\/wp\/v2\/posts\/137191\/revisions"}],"predecessor-version":[{"id":137192,"href":"https:\/\/rdnews.al\/index.php\/wp-json\/wp\/v2\/posts\/137191\/revisions\/137192"}],"wp:featuredmedia":[{"embeddable":true,"href":"https:\/\/rdnews.al\/index.php\/wp-json\/wp\/v2\/media\/89408"}],"wp:attachment":[{"href":"https:\/\/rdnews.al\/index.php\/wp-json\/wp\/v2\/media?parent=137191"}],"wp:term":[{"taxonomy":"category","embeddable":true,"href":"https:\/\/rdnews.al\/index.php\/wp-json\/wp\/v2\/categories?post=137191"},{"taxonomy":"post_tag","embeddable":true,"href":"https:\/\/rdnews.al\/index.php\/wp-json\/wp\/v2\/tags?post=137191"}],"curies":[{"name":"wp","href":"https:\/\/api.w.org\/{rel}","templated":true}]}}