{"id":137193,"date":"2026-02-28T22:02:54","date_gmt":"2026-02-28T22:02:54","guid":{"rendered":"https:\/\/rdnews.al\/?p=137193"},"modified":"2026-02-28T22:02:54","modified_gmt":"2026-02-28T22:02:54","slug":"cmenduria-e-nje-shoqerie-qe-po-degradon","status":"publish","type":"post","link":"https:\/\/rdnews.al\/index.php\/2026\/02\/28\/cmenduria-e-nje-shoqerie-qe-po-degradon\/","title":{"rendered":"\u00c7m\u00ebnduria e nj\u00eb shoq\u00ebrie q\u00eb po degradon&#8230;"},"content":{"rendered":"<div dir=\"auto\"><strong>Nga Adriana KALAJA<\/strong><\/div>\n<div dir=\"auto\"><\/div>\n<div class=\"x14z9mp xat24cr x1lziwak x1vvkbs xtlvy1s x126k92a\">\n<div dir=\"auto\">Nisur nga ngjarjet e viteve t\u00eb fundit, kryesisht ato q\u00eb datojn\u00eb n\u00eb vitin 2019 e vijim, por sidomos edhe kjo q\u00eb po ndodh me pronat e banor\u00ebve t\u00eb Baks-Rrjollit, nuk e shpejgoj dot, histerin\u00eb, \u00e7m\u00ebndurin\u00eb dhe absurditetin, e atyre q\u00eb pranojn\u00eb propagand\u00ebn rilindase, ose shqip, sufllaqen e rradh\u00ebs.<\/div>\n<\/div>\n<div class=\"x14z9mp xat24cr x1lziwak x1vvkbs xtlvy1s x126k92a\">\n<div dir=\"auto\">S\u00eb pari, ashtu si\u00e7 ja kam shprehur nga af\u00ebr edhe banor\u00ebve t\u00eb zonave t\u00eb sip\u00ebr cituara por edhe atyre t\u00eb Baks-Rrjollit, un\u00eb jam me ta dhe i kam ofruar edhe mb\u00ebshtetje ligjore n\u00eb vijim.<\/div>\n<\/div>\n<div class=\"x14z9mp xat24cr x1lziwak x1vvkbs xtlvy1s x126k92a\">\n<div dir=\"auto\">S\u00eb dyti, un\u00eb e kam deklaruar se jam kundra grabit\u00ebsve, pavar\u00ebsisht emrit t\u00eb oligarkut, dhe pro qytetar\u00ebve t\u00eb k\u00ebtij vendi.<\/div>\n<\/div>\n<div class=\"x14z9mp xat24cr x1lziwak x1vvkbs xtlvy1s x126k92a\">\n<div dir=\"auto\">S\u00eb treti, nisur edhe nga teoria ime e &#8220;tritolit&#8221;, jo m\u00eb kot t\u00eb gjith\u00eb oligark\u00ebt u investuan kundra meje bashk\u00eb me regjimin.<\/div>\n<\/div>\n<div class=\"x14z9mp xat24cr x1lziwak x1vvkbs xtlvy1s x126k92a\">\n<div dir=\"auto\">Nd\u00ebrkoh\u00eb, absurditetin deri n\u00eb \u00e7m\u00ebnduri t\u00eb k\u00ebsaj shoq\u00ebrie q\u00eb po degradon, t\u00eb cilin nuk ka studiues dhe shkenc\u00ebtar t&#8217;a shpjegoj\u00eb, po e reduktoj n\u00eb disa pika:<\/div>\n<\/div>\n<div class=\"x14z9mp xat24cr x1lziwak x1vvkbs xtlvy1s x126k92a\">\n<div dir=\"auto\">1. I japin\/shesin vot\u00ebn Edvinit t\u00eb Kristaqit dhe mafies n\u00eb pushtet, e llogari i k\u00ebrkojn\u00eb Sali Berish\u00ebs.<\/div>\n<\/div>\n<div class=\"x14z9mp xat24cr x1lziwak x1vvkbs xtlvy1s x126k92a\">\n<div dir=\"auto\">2. Ndryshe nga e gjith\u00eb Europa Lindore, Berisha i b\u00ebri gjith\u00eb shqiptar\u00ebt me sht\u00ebpi, k\u00ebta i japin\/shesin vot\u00ebn banditit Rama, q\u00eb prej 13 vitesh po i grabit ato. Edhe me ligj madje.<\/div>\n<\/div>\n<div class=\"x14z9mp xat24cr x1lziwak x1vvkbs xtlvy1s x126k92a\">\n<div dir=\"auto\">3. Pushtuesi Rama i ka shkuar te dera e sht\u00ebpis\u00eb, i dhunon, i nxjerr jasht\u00eb, gra e f\u00ebmij\u00eb bashk\u00eb, me gaz lotsjell\u00ebs, e k\u00ebta ul\u00ebrasin &#8220;Ku \u00ebsht\u00eb Saliu&#8221;.<\/div>\n<\/div>\n<div class=\"x14z9mp xat24cr x1lziwak x1vvkbs xtlvy1s x126k92a\">\n<div dir=\"auto\">4. Un\u00eb, b\u00ebj maksimumin n\u00eb sh\u00ebrbim t\u00eb interesit publik, k\u00ebta me telekomand\u00eb nga divani apo krevati m\u00eb k\u00ebrkojn\u00eb llogari, m\u00eb japin udh\u00ebzime si t\u00eb luftoj, protestoj apo k\u00eb t\u00eb mb\u00ebshtes e k\u00eb jo.<\/div>\n<\/div>\n<div class=\"x14z9mp xat24cr x1lziwak x1vvkbs xtlvy1s x126k92a\">\n<div dir=\"auto\">5. Votojn\u00eb Sudet, e mua nuk m\u00eb pushon telefoni. 24\/7, se ndihm\u00ebn e p\u00ebrkrahjen, e duan nga un\u00eb.<\/div>\n<\/div>\n<div class=\"x14z9mp xat24cr x1lziwak x1vvkbs xtlvy1s x126k92a\">\n<div dir=\"auto\">Ndaj, njer\u00ebzve t\u00eb mir\u00eb e me integritet, q\u00eb nuk b\u00ebni pjes\u00eb te ky grupi i m\u00ebsip\u00ebrm, u them se liria mbrohet me \u00e7do \u00e7mim dhe se,<\/div>\n<div dir=\"auto\">SKLLEV\u00cbRIT, nuk e MERITOJN\u00cb LIRIN\u00cb.<\/div>\n<\/div>\n<div class=\"x14z9mp xat24cr x1lziwak x1vvkbs xtlvy1s x126k92a\">\n<div dir=\"auto\">P\u00ebr k\u00ebt\u00eb arsye, mos mungoni sonte n\u00eb or\u00ebn 18.00, p\u00ebrball\u00eb zyr\u00ebs s\u00eb burrit t\u00eb Lind\u00ebs me 4 mbiemra.<\/div>\n<\/div>\n<div class=\"x14z9mp xat24cr x1lziwak x1vvkbs xtlvy1s x126k92a\">\n<div dir=\"auto\">Vet\u00ebm k\u00ebshtu, mbrojm\u00eb f\u00ebmij\u00ebt tan\u00eb, familjet e pronat tona, se Atdheu \u00ebsht\u00eb t\u00eb gjitha k\u00ebto s\u00eb bashku.<\/div>\n<\/div>\n","protected":false},"excerpt":{"rendered":"<p>Nga Adriana KALAJA Nisur nga ngjarjet e viteve t\u00eb fundit, kryesisht ato q\u00eb datojn\u00eb n\u00eb vitin 2019 e vijim, por sidomos edhe kjo q\u00eb po ndodh me pronat e banor\u00ebve t\u00eb Baks-Rrjollit, nuk e shpejgoj dot, histerin\u00eb, \u00e7m\u00ebndurin\u00eb dhe absurditetin, e atyre q\u00eb pranojn\u00eb propagand\u00ebn rilindase, ose shqip, sufllaqen e rradh\u00ebs. S\u00eb pari, ashtu si\u00e7 &hellip;<\/p>\n","protected":false},"author":4,"featured_media":67658,"comment_status":"closed","ping_status":"closed","sticky":false,"template":"","format":"standard","meta":{"footnotes":""},"categories":[44],"tags":[],"class_list":["post-137193","post","type-post","status-publish","format-standard","has-post-thumbnail","","category-editorial"],"_links":{"self":[{"href":"https:\/\/rdnews.al\/index.php\/wp-json\/wp\/v2\/posts\/137193","targetHints":{"allow":["GET"]}}],"collection":[{"href":"https:\/\/rdnews.al\/index.php\/wp-json\/wp\/v2\/posts"}],"about":[{"href":"https:\/\/rdnews.al\/index.php\/wp-json\/wp\/v2\/types\/post"}],"author":[{"embeddable":true,"href":"https:\/\/rdnews.al\/index.php\/wp-json\/wp\/v2\/users\/4"}],"replies":[{"embeddable":true,"href":"https:\/\/rdnews.al\/index.php\/wp-json\/wp\/v2\/comments?post=137193"}],"version-history":[{"count":1,"href":"https:\/\/rdnews.al\/index.php\/wp-json\/wp\/v2\/posts\/137193\/revisions"}],"predecessor-version":[{"id":137194,"href":"https:\/\/rdnews.al\/index.php\/wp-json\/wp\/v2\/posts\/137193\/revisions\/137194"}],"wp:featuredmedia":[{"embeddable":true,"href":"https:\/\/rdnews.al\/index.php\/wp-json\/wp\/v2\/media\/67658"}],"wp:attachment":[{"href":"https:\/\/rdnews.al\/index.php\/wp-json\/wp\/v2\/media?parent=137193"}],"wp:term":[{"taxonomy":"category","embeddable":true,"href":"https:\/\/rdnews.al\/index.php\/wp-json\/wp\/v2\/categories?post=137193"},{"taxonomy":"post_tag","embeddable":true,"href":"https:\/\/rdnews.al\/index.php\/wp-json\/wp\/v2\/tags?post=137193"}],"curies":[{"name":"wp","href":"https:\/\/api.w.org\/{rel}","templated":true}]}}