{"id":137195,"date":"2026-02-28T22:04:36","date_gmt":"2026-02-28T22:04:36","guid":{"rendered":"https:\/\/rdnews.al\/?p=137195"},"modified":"2026-02-28T22:04:36","modified_gmt":"2026-02-28T22:04:36","slug":"u-dogj-simbolikisht-fasada-e-rreme","status":"publish","type":"post","link":"https:\/\/rdnews.al\/index.php\/2026\/02\/28\/u-dogj-simbolikisht-fasada-e-rreme\/","title":{"rendered":"U dogj simbolikisht fasada e rreme!"},"content":{"rendered":"<p><strong>Nga Alba KEPI<\/strong><\/p>\n<p>N\u00eb 2023 u pag\u00ebzua \u201cVil\u00eb Arti\u201d.<\/p>\n<p>Vila e ish-diktatorit Enver Hoxha, simbol i grabitjes, persekutimit dhe gjakut n\u00eb vitin 2023 u riciklua me nj\u00eb em\u00ebr t\u00eb ri: \u201cVil\u00eb Arti\u201d.<\/p>\n<p>Art?<\/p>\n<p>N\u00eb nj\u00eb pron\u00eb t\u00eb zap\u00adtuar.<br \/>\nN\u00eb nj\u00eb histori t\u00eb p\u00ebrgjakur.<br \/>\nN\u00eb nj\u00eb qytet q\u00eb vuajti burgjet, internimet dhe pushkatimet.<\/p>\n<p>N\u00eb vend q\u00eb t\u00eb k\u00ebrkohej falje.<br \/>\nN\u00eb vend q\u00eb t\u00eb nderoheshin viktimat.<br \/>\nN\u00eb vend q\u00eb prona t\u2019u kthehej trash\u00ebgimtar\u00ebve legjitim\u00eb.<\/p>\n<p>U b\u00eb \u201cprojekt kulturor\u201d.<\/p>\n<p>Me VKM.<br \/>\nMe heshtje.<br \/>\nMe propagand\u00eb.<\/p>\n<p>N\u00eb t\u00eb nj\u00ebjtin qytet ku sot vizitor\u00ebt \u00e7ohen n\u00eb Bunk\u2019Art dhe Sht\u00ebpia me Gjethe p\u00ebr t\u00eb par\u00eb reliket e terrorit,<br \/>\nregjimi i djesh\u00ebm po riem\u00ebrohet estetikisht.<\/p>\n<p>Nga diktatur\u00eb n\u00eb instalacion.<br \/>\nNga krim n\u00eb kuriozitet turistik.<br \/>\nNga vil\u00eb turpi n\u00eb vil\u00eb arti.<\/p>\n<p>Sot u dogj.<\/p>\n<p>U dogj simbolikisht fasada e rreme.<br \/>\nSepse historia nuk lyhet me boj\u00eb moderne.<br \/>\nAs nuk pastrohet me evente, fonde e etiketa \u201ckulturore\u201d.<\/p>\n<p>Nj\u00eb vil\u00eb e ngritur mbi padrejt\u00ebsi nuk b\u00ebhet art me vendim qeverie.<br \/>\nB\u00ebhet vet\u00ebm d\u00ebshmi.<\/p>\n<p>Dhe d\u00ebshmia \u00ebsht\u00eb kjo:<\/p>\n<p>N\u00eb Tiran\u00eb mund t\u00eb ndryshosh tabel\u00ebn.<br \/>\nPor nuk ndryshon dot t\u00eb v\u00ebrtet\u00ebn.<\/p>\n","protected":false},"excerpt":{"rendered":"<p>Nga Alba KEPI N\u00eb 2023 u pag\u00ebzua \u201cVil\u00eb Arti\u201d. Vila e ish-diktatorit Enver Hoxha, simbol i grabitjes, persekutimit dhe gjakut n\u00eb vitin 2023 u riciklua me nj\u00eb em\u00ebr t\u00eb ri: \u201cVil\u00eb Arti\u201d. Art? N\u00eb nj\u00eb pron\u00eb t\u00eb zap\u00adtuar. N\u00eb nj\u00eb histori t\u00eb p\u00ebrgjakur. N\u00eb nj\u00eb qytet q\u00eb vuajti burgjet, internimet dhe pushkatimet. N\u00eb vend q\u00eb &hellip;<\/p>\n","protected":false},"author":4,"featured_media":107144,"comment_status":"closed","ping_status":"closed","sticky":false,"template":"","format":"standard","meta":{"footnotes":""},"categories":[44],"tags":[],"class_list":["post-137195","post","type-post","status-publish","format-standard","has-post-thumbnail","","category-editorial"],"_links":{"self":[{"href":"https:\/\/rdnews.al\/index.php\/wp-json\/wp\/v2\/posts\/137195","targetHints":{"allow":["GET"]}}],"collection":[{"href":"https:\/\/rdnews.al\/index.php\/wp-json\/wp\/v2\/posts"}],"about":[{"href":"https:\/\/rdnews.al\/index.php\/wp-json\/wp\/v2\/types\/post"}],"author":[{"embeddable":true,"href":"https:\/\/rdnews.al\/index.php\/wp-json\/wp\/v2\/users\/4"}],"replies":[{"embeddable":true,"href":"https:\/\/rdnews.al\/index.php\/wp-json\/wp\/v2\/comments?post=137195"}],"version-history":[{"count":1,"href":"https:\/\/rdnews.al\/index.php\/wp-json\/wp\/v2\/posts\/137195\/revisions"}],"predecessor-version":[{"id":137196,"href":"https:\/\/rdnews.al\/index.php\/wp-json\/wp\/v2\/posts\/137195\/revisions\/137196"}],"wp:featuredmedia":[{"embeddable":true,"href":"https:\/\/rdnews.al\/index.php\/wp-json\/wp\/v2\/media\/107144"}],"wp:attachment":[{"href":"https:\/\/rdnews.al\/index.php\/wp-json\/wp\/v2\/media?parent=137195"}],"wp:term":[{"taxonomy":"category","embeddable":true,"href":"https:\/\/rdnews.al\/index.php\/wp-json\/wp\/v2\/categories?post=137195"},{"taxonomy":"post_tag","embeddable":true,"href":"https:\/\/rdnews.al\/index.php\/wp-json\/wp\/v2\/tags?post=137195"}],"curies":[{"name":"wp","href":"https:\/\/api.w.org\/{rel}","templated":true}]}}