{"id":137227,"date":"2026-03-02T10:20:12","date_gmt":"2026-03-02T10:20:12","guid":{"rendered":"https:\/\/rdnews.al\/?p=137227"},"modified":"2026-03-02T10:20:12","modified_gmt":"2026-03-02T10:20:12","slug":"berisha-vila-e-enverit-u-sulmua-pasi-besonin-se-aty-ishte-edi-rama-njerezit-prane-tij-kane-folur-per-nje-projekt-kulle","status":"publish","type":"post","link":"https:\/\/rdnews.al\/index.php\/2026\/03\/02\/berisha-vila-e-enverit-u-sulmua-pasi-besonin-se-aty-ishte-edi-rama-njerezit-prane-tij-kane-folur-per-nje-projekt-kulle\/","title":{"rendered":"Berisha: Vila e Enverit u sulmua, pasi besonin se aty ishte Edi Rama! Njer\u00ebzit pran\u00eb tij kan\u00eb folur p\u00ebr nj\u00eb projekt kulle"},"content":{"rendered":"<p>Kryetari i PD, Sali Berisha ka folur edhe p\u00ebr reagimet q\u00eb pasuan protest\u00ebn e opozit\u00ebs pas sulmit tek ish vila e diktatorit Hoxha.<\/p>\n<p>Ai tha se, vila e Enverit u sulmua, pasi besonin se aty ishte Edi Rama, njer\u00ebzit pran\u00eb tij kan\u00eb folur p\u00ebr nj\u00eb projekt kulle.<\/p>\n<p><strong>Pyetje: Z. Berisha, largimin e titullarit t\u00eb Policis\u00eb s\u00eb Shtetit a e konsideroni si sukses t\u00eb protest\u00ebs t\u00eb s\u00eb shtun\u00ebs?<\/strong><\/p>\n<p><strong>Sali Berisha:<\/strong> Ka nj\u00eb fakt q\u00eb ai u largua i sh\u00ebnjuar nga ne si nj\u00eb armik i ligjit, si nj\u00eb bashk\u00ebpun\u00ebtor i bandave, e sigurt kjo.<\/p>\n<p>Por druaj se ai u largua p\u00ebr shkak se nuk ka mbrojtur vil\u00ebn e Enver Hoxh\u00ebs dhe kjo pastaj nuk them, thash\u00eb gjersa aty kishte njer\u00ebz dhe ishte qend\u00ebr kulture, se policia kudo na doli me ato mburojat para dhe na pengonte, aty nuk kishte njeri, ata nuk pan\u00eb njeri aty, ata kan\u00eb menduar se nuk ka njeri. Ky \u00ebsht\u00eb gjith\u00eb problemi.<\/p>\n<p>Dhe duket se tani q\u00eb u b\u00eb&#8230; bile aty u tha edhe m\u00eb keq, aty u tha se kan\u00eb futur njer\u00ebz t\u00eb policis\u00eb kriminale t\u2019u thon\u00eb protestuesve q\u00eb banon Edi Rama aty.<\/p>\n<p>Dhe fillimi i sulmeve ndaj asaj vile ka ardhur me besimin se aty banon Edi Rama.<\/p>\n<p>Urrejtja p\u00ebr Edi Ram\u00ebn \u00ebsht\u00eb e pakufishme dhe nuk mundet ne q\u00eb t\u00eb pengojm\u00eb urrejtjen ndaj Edi Ram\u00ebs. Kjo \u00ebsht\u00eb e v\u00ebrteta.<\/p>\n<p>Por ai nuk ishte aty, ai banonte her\u00eb pas here tek vila e Mehmet Shehut.<\/p>\n<p>U sqaruan gj\u00ebrat.<\/p>\n<p>Ka t\u00eb tjer\u00eb q\u00eb thon\u00eb se aty \u00ebsht\u00eb projekt kulle.<\/p>\n<p>Nuk e di. Po njer\u00ebz t\u00eb af\u00ebrt me Ram\u00ebn kan\u00eb l\u00ebshuar iden\u00eb se \u00ebsht\u00eb n\u00eb projekt kulle.<\/p>\n<p>Sidoqoft\u00eb atyre dy t\u00eb huajve u k\u00ebrkojm\u00eb ndjes\u00eb dhe shpreh keqardhje se nuk duhej kurrsesi dhe po t\u00eb dihej se \u00ebsht\u00eb qend\u00ebr kulturore dhe se aty ka t\u00eb huaj, kjo nuk mund t\u00eb ndodhte.<\/p>\n<p>Pik\u00eb!<\/p>\n<p><strong>Pyetje: Z. Berisha, kush \u00ebsht\u00eb m\u00eb e r\u00ebnd\u00ebsishme, vila e Enverit apo Sht\u00ebpia me Gjethe q\u00eb dikur kryheshin p\u00ebrgjimet e Sigurimit t\u00eb Shtetit?<\/strong><\/p>\n<p><strong>Sali Berisha:<\/strong> Asgj\u00eb nuk krahasohet me mizorin\u00eb e Enver Hoxh\u00ebs. Enver Hoxha ishte njeriu m\u00eb mizor, i cili shum\u00eb m\u00eb tep\u00ebr vrau me uri kronike shqiptar\u00ebt se sa me skuadra ekzekutimi.<\/p>\n<p>Ju nuk i dini, nuk keni jetuar n\u00eb at\u00eb koh\u00eb ju kur 70% shqiptar\u00eb jetonin me buk\u00eb, krip\u00eb dhe sherbet.<\/p>\n<p>Ose l\u00ebng kripe ose l\u00ebng sheqeri dhe buk\u00eb misri.<\/p>\n<p>Ai nuk ka t\u00eb krahasuar me asnj\u00eb diktator tjet\u00ebr n\u00eb Europ\u00eb dhe n\u00eb bot\u00eb.<\/p>\n","protected":false},"excerpt":{"rendered":"<p>Kryetari i PD, Sali Berisha ka folur edhe p\u00ebr reagimet q\u00eb pasuan protest\u00ebn e opozit\u00ebs pas sulmit tek ish vila e diktatorit Hoxha. Ai tha se, vila e Enverit u sulmua, pasi besonin se aty ishte Edi Rama, njer\u00ebzit pran\u00eb tij kan\u00eb folur p\u00ebr nj\u00eb projekt kulle. Pyetje: Z. Berisha, largimin e titullarit t\u00eb Policis\u00eb &hellip;<\/p>\n","protected":false},"author":4,"featured_media":137217,"comment_status":"closed","ping_status":"closed","sticky":false,"template":"","format":"standard","meta":{"footnotes":""},"categories":[37],"tags":[],"class_list":["post-137227","post","type-post","status-publish","format-standard","has-post-thumbnail","","category-politike"],"_links":{"self":[{"href":"https:\/\/rdnews.al\/index.php\/wp-json\/wp\/v2\/posts\/137227","targetHints":{"allow":["GET"]}}],"collection":[{"href":"https:\/\/rdnews.al\/index.php\/wp-json\/wp\/v2\/posts"}],"about":[{"href":"https:\/\/rdnews.al\/index.php\/wp-json\/wp\/v2\/types\/post"}],"author":[{"embeddable":true,"href":"https:\/\/rdnews.al\/index.php\/wp-json\/wp\/v2\/users\/4"}],"replies":[{"embeddable":true,"href":"https:\/\/rdnews.al\/index.php\/wp-json\/wp\/v2\/comments?post=137227"}],"version-history":[{"count":1,"href":"https:\/\/rdnews.al\/index.php\/wp-json\/wp\/v2\/posts\/137227\/revisions"}],"predecessor-version":[{"id":137228,"href":"https:\/\/rdnews.al\/index.php\/wp-json\/wp\/v2\/posts\/137227\/revisions\/137228"}],"wp:featuredmedia":[{"embeddable":true,"href":"https:\/\/rdnews.al\/index.php\/wp-json\/wp\/v2\/media\/137217"}],"wp:attachment":[{"href":"https:\/\/rdnews.al\/index.php\/wp-json\/wp\/v2\/media?parent=137227"}],"wp:term":[{"taxonomy":"category","embeddable":true,"href":"https:\/\/rdnews.al\/index.php\/wp-json\/wp\/v2\/categories?post=137227"},{"taxonomy":"post_tag","embeddable":true,"href":"https:\/\/rdnews.al\/index.php\/wp-json\/wp\/v2\/tags?post=137227"}],"curies":[{"name":"wp","href":"https:\/\/api.w.org\/{rel}","templated":true}]}}