{"id":137293,"date":"2026-03-03T10:42:43","date_gmt":"2026-03-03T10:42:43","guid":{"rendered":"https:\/\/rdnews.al\/?p=137293"},"modified":"2026-03-03T10:42:43","modified_gmt":"2026-03-03T10:42:43","slug":"kerkohet-arrestimi-i-ballukut-zbardhen-argumentet-e-spak-kush-jane-te-fortet-qe-bejne-presion","status":"publish","type":"post","link":"https:\/\/rdnews.al\/index.php\/2026\/03\/03\/kerkohet-arrestimi-i-ballukut-zbardhen-argumentet-e-spak-kush-jane-te-fortet-qe-bejne-presion\/","title":{"rendered":"K\u00ebrkohet arrestimi i Ballukut\/ Zbardhen argumentet e SPAK, kush jan\u00eb t\u00eb fort\u00ebt q\u00eb b\u00ebjn\u00eb presion"},"content":{"rendered":"<p>Detaje t\u00eb tjera jan\u00eb zbardhur k\u00ebt\u00eb t\u00eb mart\u00eb nga raporti i an\u00ebtar\u00ebve demokrat\u00eb, n\u00eb K\u00ebshillin e Mandateve p\u00ebr k\u00ebrkes\u00ebn e SPAK, p\u00ebr arrestimin e Belinda Ballukut.<\/p>\n<p>An\u00ebtar\u00ebt demokrat\u00eb kan\u00eb deklaruar p\u00ebrmes raportit se PD \u00ebsht\u00eb pro arrestimit t\u00eb Ballukut, nd\u00ebrsa evidentohet se sipas SPAK, Belinda Balluku ka p\u00ebrdorur \u201ct\u00eb fort\u00eb\u201d dhe an\u00ebtar\u00eb t\u00eb kabinetit t\u00eb saj p\u00ebr t\u00eb intimiduar nj\u00eb d\u00ebshmitare.<\/p>\n<p>Po sipas raportit, d\u00ebshmitarja \u00ebsht\u00eb shprehur para prokuror\u00ebve t\u00eb SPAK se \u00ebsht\u00eb tunduar me an\u00eb t\u00eb korrupsionit q\u00eb t\u00eb ndryshoj\u00eb deklarimet e saj dhe p\u00ebr pasoj\u00eb \u00ebsht\u00eb ndjer\u00eb e frik\u00ebsuar.<\/p>\n<p>\u201cGjat\u00eb mbledhjes s\u00eb K\u00ebshillit t\u00eb dat\u00ebs 23.02.2026, prokuror\u00ebt sqaruan m\u00eb tej k\u00ebt\u00eb rrethan\u00eb, duke theksuar se deputetja Belinda Balluku \u00ebsht\u00eb p\u00ebrpjekur t\u00eb ushtroj\u00eb presion mbi d\u00ebshmitar\u00ebt, p\u00ebrmes dy formave: (1) P\u00ebrmes \u201ct\u00eb fort\u00ebve\u201d, p\u00ebr t\u00eb cil\u00ebt prokuroria deklaroi se po verifikohet n\u00ebse jan\u00eb t\u00eb p\u00ebrfshir\u00eb n\u00eb veprimtari t\u00eb krimit t\u00eb organizuar, verifikim q\u00eb mbulohet nga sekreti hetimor; (2) p\u00ebrmes zyrtar\u00ebve publik\u00eb, pjes\u00eb e kabinetit t\u00eb ministres, t\u00eb cil\u00ebt, ose kan\u00eb shantazhuar p\u00ebr shkarkime nga puna ndaj familjar\u00ebve, ose kan\u00eb ofruar para n\u00eb k\u00ebmbim t\u00eb ndryshimit t\u00eb d\u00ebshmive dhe avokatit. Konkretisht, n\u00eb mbledhjen e dat\u00ebs 23.02.2026 t\u00eb K\u00ebshillit, prokuror\u00ebt u shpreh\u00ebn si m\u00eb posht\u00eb:<\/p>\n<p><strong>Prokurori Dritan Prenci \u2013<\/strong> &#8220;Te relacioni dhe provat mb\u00ebshtet\u00ebse t\u00eb relacionit ne kemi paraqitur procesverbalin e transkriptimit t\u00eb p\u00ebrgjimit t\u00eb bisedave, t\u00eb lejuara me vendim t\u00eb gjykat\u00ebs, t\u00eb dat\u00ebs 20.11.2025, n\u00eb or\u00ebn 12:23:35. Ne e kemi paraqitur si prov\u00eb. N\u00eb p\u00ebrmbajtje t\u00eb k\u00ebtij transkriptimi rezultojn\u00eb t\u00eb dh\u00ebna p\u00ebr intimidimin e personave\u2026.Ka p\u00ebrmbajtje, q\u00eb zonja \u00ebsht\u00eb e frik\u00ebsuar, p\u00ebrmend edhe emrat se nga kush \u00ebsht\u00eb frik\u00ebsuar, em\u00ebr zyrtari, por edhe persona t\u00eb fort\u00eb n\u00eb rang grupesh t\u00eb tjera. Ajo p\u00ebrmend tundimin n\u00ebp\u00ebrmjet korrupsionit q\u00eb t\u00eb ndryshoj\u00eb th\u00ebniet apo edhe t\u00eb z\u00ebvend\u00ebsoj\u00eb mbrojt\u00ebsin e saj me nj\u00eb mbrojt\u00ebs t\u00eb p\u00eblqyer nga personat q\u00eb i vetofrohen. Kjo \u00ebsht\u00eb shum\u00eb e qart\u00eb n\u00eb p\u00ebrmbajtje.\u201d17.<\/p>\n<p><strong>Prokurori Dritan Pren\u00e7i \u2013<\/strong> &#8220;At\u00ebher\u00eb, n\u00eb p\u00ebrmbajtje t\u00eb asaj cfar\u00eb ka prodhuar ky transkriptim i besedave t\u00eb p\u00ebrgjuara, b\u00ebhet fjal\u00eb p\u00ebr intimidim nga persona jozyrtar\u00eb. Aty p\u00ebrmendet \u201ct\u00eb fort\u00eb\u201d, e p\u00ebrmend vet\u00eb zonja, pra persona jozyrtar\u00eb. Pastaj, nga personat zyrtar\u00eb b\u00ebhetfjal\u00eb p\u00ebr persona nga kabineti i ministrit, \u00ebsht\u00eb e shkruar. \u201c18.<\/p>\n<p><strong>Prokurori Dritan Pren\u00e7i \u2013<\/strong> &#8220;Ne nuk mund t\u00eb deklarojm\u00eb m\u00eb shum\u00eb, sepse, si\u00e7 e thash\u00eb, jua them me p\u00ebrgjegj\u00ebsi t\u00eb plot\u00eb q\u00eb hetimet kn\u00eb vijuar n\u00eb maksimum me intensitet edhe n\u00eb drejtim t\u00eb sqarimit t\u00eb secil\u00ebs rrethan\u00eb apo t\u00eb dh\u00ebna t\u00eb krijuara, qoft\u00eb edhe n\u00eb drejtim t\u00eb k\u00ebsaj q\u00eb po diskutojm\u00eb. Pra, p\u00ebr shkak t\u00eb ruajtjes s\u00eb sekretit hetimor, t\u00eb asaj \u00e7far\u00eb ne kemi vijuar pas momentit t\u00eb paraqitjes s\u00eb k\u00ebrkes\u00ebs p\u00ebrpara jush, ne nuk mund t\u00eb ekspozojm\u00eb pjes\u00eb t\u00eb hetimit, pasi hetimi \u00ebsht\u00eb akoma i fsheht\u00eb, nuk kemi veprime t\u00eb hapura\u201d, thuhet nd\u00ebr t\u00eb tjera n\u00eb raport.<\/p>\n","protected":false},"excerpt":{"rendered":"<p>Detaje t\u00eb tjera jan\u00eb zbardhur k\u00ebt\u00eb t\u00eb mart\u00eb nga raporti i an\u00ebtar\u00ebve demokrat\u00eb, n\u00eb K\u00ebshillin e Mandateve p\u00ebr k\u00ebrkes\u00ebn e SPAK, p\u00ebr arrestimin e Belinda Ballukut. An\u00ebtar\u00ebt demokrat\u00eb kan\u00eb deklaruar p\u00ebrmes raportit se PD \u00ebsht\u00eb pro arrestimit t\u00eb Ballukut, nd\u00ebrsa evidentohet se sipas SPAK, Belinda Balluku ka p\u00ebrdorur \u201ct\u00eb fort\u00eb\u201d dhe an\u00ebtar\u00eb t\u00eb kabinetit t\u00eb &hellip;<\/p>\n","protected":false},"author":4,"featured_media":131462,"comment_status":"closed","ping_status":"closed","sticky":false,"template":"","format":"standard","meta":{"footnotes":""},"categories":[37],"tags":[],"class_list":["post-137293","post","type-post","status-publish","format-standard","has-post-thumbnail","","category-politike"],"_links":{"self":[{"href":"https:\/\/rdnews.al\/index.php\/wp-json\/wp\/v2\/posts\/137293","targetHints":{"allow":["GET"]}}],"collection":[{"href":"https:\/\/rdnews.al\/index.php\/wp-json\/wp\/v2\/posts"}],"about":[{"href":"https:\/\/rdnews.al\/index.php\/wp-json\/wp\/v2\/types\/post"}],"author":[{"embeddable":true,"href":"https:\/\/rdnews.al\/index.php\/wp-json\/wp\/v2\/users\/4"}],"replies":[{"embeddable":true,"href":"https:\/\/rdnews.al\/index.php\/wp-json\/wp\/v2\/comments?post=137293"}],"version-history":[{"count":1,"href":"https:\/\/rdnews.al\/index.php\/wp-json\/wp\/v2\/posts\/137293\/revisions"}],"predecessor-version":[{"id":137294,"href":"https:\/\/rdnews.al\/index.php\/wp-json\/wp\/v2\/posts\/137293\/revisions\/137294"}],"wp:featuredmedia":[{"embeddable":true,"href":"https:\/\/rdnews.al\/index.php\/wp-json\/wp\/v2\/media\/131462"}],"wp:attachment":[{"href":"https:\/\/rdnews.al\/index.php\/wp-json\/wp\/v2\/media?parent=137293"}],"wp:term":[{"taxonomy":"category","embeddable":true,"href":"https:\/\/rdnews.al\/index.php\/wp-json\/wp\/v2\/categories?post=137293"},{"taxonomy":"post_tag","embeddable":true,"href":"https:\/\/rdnews.al\/index.php\/wp-json\/wp\/v2\/tags?post=137293"}],"curies":[{"name":"wp","href":"https:\/\/api.w.org\/{rel}","templated":true}]}}